{"id":210316,"date":"2026-04-27T17:03:38","date_gmt":"2026-04-27T22:03:38","guid":{"rendered":"https:\/\/www.buroperiodistico.com.mx\/?p=210316"},"modified":"2026-04-27T17:03:38","modified_gmt":"2026-04-27T22:03:38","slug":"alista-sedener-la-carrera-atletica-corre-como-el-viento-2026","status":"publish","type":"post","link":"https:\/\/www.buroperiodistico.com.mx\/?p=210316","title":{"rendered":"Alista SEDENER la Carrera Atl\u00e9tica \u201cCorre como el Viento 2026\u201d"},"content":{"rendered":"<p><em><strong><img loading=\"lazy\" decoding=\"async\" class=\" wp-image-210320 alignright\" src=\"https:\/\/www.buroperiodistico.com.mx\/wp-content\/uploads\/2026\/04\/SDEViento.jpeg\" alt=\"\" width=\"547\" height=\"330\" srcset=\"https:\/\/www.buroperiodistico.com.mx\/wp-content\/uploads\/2026\/04\/SDEViento.jpeg 1024w, https:\/\/www.buroperiodistico.com.mx\/wp-content\/uploads\/2026\/04\/SDEViento-300x181.jpeg 300w, https:\/\/www.buroperiodistico.com.mx\/wp-content\/uploads\/2026\/04\/SDEViento-768x464.jpeg 768w\" sizes=\"auto, (max-width: 547px) 100vw, 547px\" \/>Ciudad Victoria, Tamaulipas (27-Abril-2026).-<\/strong><\/em> En el marco del D\u00eda Mundial del Viento, la Secretar\u00eda de Desarrollo Energ\u00e9tico de Tamaulipas (SEDENER) invita a la ciudadan\u00eda a participar en la Carrera Atl\u00e9tica \u201cCorre como el Viento 2026\u201d, un evento gratuito de car\u00e1cter deportivo y familiar que promueve la activaci\u00f3n f\u00edsica, la convivencia social y la conciencia sobre el uso de energ\u00edas limpias y sostenibles.<\/p>\n<p>La carrera se llevar\u00e1 a cabo el domingo 14 de junio de 2026, teniendo como punto de salida la Avenida 17 Carrera Torres, en Ciudad Victoria, donde se espera la participaci\u00f3n de corredores de diversas edades.<\/p>\n<p>El programa iniciar\u00e1 con un calentamiento grupal de 06:00 a 06:25 horas, para posteriormente dar el banderazo de salida a las 06:30 horas.<\/p>\n<p>Los primeros 800 registros recibir\u00e1n una playera conmemorativa oficial, mientras que el resto de las y los participantes obtendr\u00e1n su folio de participaci\u00f3n. Asimismo, las primeras 500 personas en cruzar la meta ser\u00e1n acreedoras a una medalla conmemorativa, y al finalizar el evento se realizar\u00e1n rifas de diversos obsequios entre quienes porten su n\u00famero oficial. Las categor\u00edas contempladas son:<\/p>\n<p>* Infantil y juvenil (menores de 18 a\u00f1os), ramas varonil y femenil<\/p>\n<p>* Libre (18 a 34 a\u00f1os), ramas varonil y femenil<\/p>\n<p>* Senior (35 a 49 a\u00f1os), ramas varonil y femenil<\/p>\n<p>* M\u00e1ster (50 a\u00f1os en adelante), ramas varonil y femenil<\/p>\n<p>Las personas interesadas podr\u00e1n inscribirse mediante el c\u00f3digo QR de la convocatoria o a trav\u00e9s del siguiente registro digital:<\/p>\n<p>Registro Carrera Corre como el Viento 2026<\/p>\n<p>La SEDENER inform\u00f3 que la entrega de kits se realizar\u00e1 en dos etapas: el viernes 12 de junio, en un horario de 10:00 a 14:00 horas, y el domingo 14 de junio, d\u00eda del evento, a partir de las 05:30 horas.<\/p>\n<p><img loading=\"lazy\" decoding=\"async\" class=\"aligncenter size-full wp-image-210317\" src=\"https:\/\/www.buroperiodistico.com.mx\/wp-content\/uploads\/2026\/04\/SDEViento-I.jpeg\" alt=\"\" width=\"640\" height=\"359\" srcset=\"https:\/\/www.buroperiodistico.com.mx\/wp-content\/uploads\/2026\/04\/SDEViento-I.jpeg 640w, https:\/\/www.buroperiodistico.com.mx\/wp-content\/uploads\/2026\/04\/SDEViento-I-300x168.jpeg 300w\" sizes=\"auto, (max-width: 640px) 100vw, 640px\" \/> <img loading=\"lazy\" decoding=\"async\" class=\"aligncenter size-full wp-image-210319\" src=\"https:\/\/www.buroperiodistico.com.mx\/wp-content\/uploads\/2026\/04\/SDEViento-III.jpeg\" alt=\"\" width=\"640\" height=\"359\" srcset=\"https:\/\/www.buroperiodistico.com.mx\/wp-content\/uploads\/2026\/04\/SDEViento-III.jpeg 640w, https:\/\/www.buroperiodistico.com.mx\/wp-content\/uploads\/2026\/04\/SDEViento-III-300x168.jpeg 300w\" sizes=\"auto, (max-width: 640px) 100vw, 640px\" \/> <img loading=\"lazy\" decoding=\"async\" class=\"aligncenter size-full wp-image-210318\" src=\"https:\/\/www.buroperiodistico.com.mx\/wp-content\/uploads\/2026\/04\/SDEViento-II.jpeg\" alt=\"\" width=\"640\" height=\"359\" srcset=\"https:\/\/www.buroperiodistico.com.mx\/wp-content\/uploads\/2026\/04\/SDEViento-II.jpeg 640w, https:\/\/www.buroperiodistico.com.mx\/wp-content\/uploads\/2026\/04\/SDEViento-II-300x168.jpeg 300w\" sizes=\"auto, (max-width: 640px) 100vw, 640px\" \/><\/p>\n","protected":false},"excerpt":{"rendered":"<p>Ciudad Victoria, Tamaulipas (27-Abril-2026).- En el marco del D\u00eda Mundial del Viento, la Secretar\u00eda de&#8230;<\/p>\n","protected":false},"author":1,"featured_media":210320,"comment_status":"closed","ping_status":"closed","sticky":false,"template":"","format":"standard","meta":{"footnotes":"","jetpack_publicize_message":"","jetpack_publicize_feature_enabled":true,"jetpack_social_post_already_shared":true,"jetpack_social_options":{"image_generator_settings":{"template":"highway","default_image_id":0,"font":"","enabled":false},"version":2}},"categories":[10],"tags":[],"class_list":["post-210316","post","type-post","status-publish","format-standard","has-post-thumbnail","hentry","category-tamaulipas"],"jetpack_publicize_connections":[],"_links":{"self":[{"href":"https:\/\/www.buroperiodistico.com.mx\/index.php?rest_route=\/wp\/v2\/posts\/210316","targetHints":{"allow":["GET"]}}],"collection":[{"href":"https:\/\/www.buroperiodistico.com.mx\/index.php?rest_route=\/wp\/v2\/posts"}],"about":[{"href":"https:\/\/www.buroperiodistico.com.mx\/index.php?rest_route=\/wp\/v2\/types\/post"}],"author":[{"embeddable":true,"href":"https:\/\/www.buroperiodistico.com.mx\/index.php?rest_route=\/wp\/v2\/users\/1"}],"replies":[{"embeddable":true,"href":"https:\/\/www.buroperiodistico.com.mx\/index.php?rest_route=%2Fwp%2Fv2%2Fcomments&post=210316"}],"version-history":[{"count":1,"href":"https:\/\/www.buroperiodistico.com.mx\/index.php?rest_route=\/wp\/v2\/posts\/210316\/revisions"}],"predecessor-version":[{"id":210321,"href":"https:\/\/www.buroperiodistico.com.mx\/index.php?rest_route=\/wp\/v2\/posts\/210316\/revisions\/210321"}],"wp:featuredmedia":[{"embeddable":true,"href":"https:\/\/www.buroperiodistico.com.mx\/index.php?rest_route=\/wp\/v2\/media\/210320"}],"wp:attachment":[{"href":"https:\/\/www.buroperiodistico.com.mx\/index.php?rest_route=%2Fwp%2Fv2%2Fmedia&parent=210316"}],"wp:term":[{"taxonomy":"category","embeddable":true,"href":"https:\/\/www.buroperiodistico.com.mx\/index.php?rest_route=%2Fwp%2Fv2%2Fcategories&post=210316"},{"taxonomy":"post_tag","embeddable":true,"href":"https:\/\/www.buroperiodistico.com.mx\/index.php?rest_route=%2Fwp%2Fv2%2Ftags&post=210316"}],"curies":[{"name":"wp","href":"https:\/\/api.w.org\/{rel}","templated":true}]}}