{"id":210312,"date":"2026-04-27T16:59:07","date_gmt":"2026-04-27T21:59:07","guid":{"rendered":"https:\/\/www.buroperiodistico.com.mx\/?p=210312"},"modified":"2026-04-27T16:59:07","modified_gmt":"2026-04-27T21:59:07","slug":"refuerza-conalep-tamaulipas-formacion-tecnologica-con-nueva-carrera-en-ia-y-ciencia-de-datos","status":"publish","type":"post","link":"https:\/\/www.buroperiodistico.com.mx\/?p=210312","title":{"rendered":"Refuerza CONALEP Tamaulipas formaci\u00f3n tecnol\u00f3gica con nueva carrera en IA y Ciencia de Datos"},"content":{"rendered":"<p><em><strong><img loading=\"lazy\" decoding=\"async\" class=\" wp-image-210314 alignright\" src=\"https:\/\/www.buroperiodistico.com.mx\/wp-content\/uploads\/2026\/04\/CONDatos.jpeg\" alt=\"\" width=\"455\" height=\"302\" srcset=\"https:\/\/www.buroperiodistico.com.mx\/wp-content\/uploads\/2026\/04\/CONDatos.jpeg 1024w, https:\/\/www.buroperiodistico.com.mx\/wp-content\/uploads\/2026\/04\/CONDatos-300x199.jpeg 300w, https:\/\/www.buroperiodistico.com.mx\/wp-content\/uploads\/2026\/04\/CONDatos-768x509.jpeg 768w\" sizes=\"auto, (max-width: 455px) 100vw, 455px\" \/>Ciudad Victoria, Tamaulipas (27-Abril-2026).-<\/strong><\/em> El Colegio Nacional de Educaci\u00f3n Profesional T\u00e9cnica (CONALEP) de Tamaulipas anunci\u00f3 la incorporaci\u00f3n de la carrera de Profesional T\u00e9cnico-Bachiller en Ciencia de Datos e Inteligencia Artificial, disponible a partir del pr\u00f3ximo ciclo escolar en el Plantel Victoria.<\/p>\n<p>Fernando Arizpe Pedraza, director general de esta instituci\u00f3n, inform\u00f3 que esta nueva oferta educativa representa un paso firme hacia la formaci\u00f3n de talento especializado en \u00e1reas clave como el an\u00e1lisis de datos, la inteligencia artificial y el desarrollo tecnol\u00f3gico, y la preparaci\u00f3n de las y los estudiantes tamaulipecos para integrarse a sectores estrat\u00e9gicos de alto crecimiento.<\/p>\n<p>\u201cHoy m\u00e1s que nunca, necesitamos j\u00f3venes capaces de interpretar la informaci\u00f3n, generar soluciones y aportar valor a las empresas. Esta carrera responde a esa necesidad y coloca a nuestros estudiantes a la altura de los retos tecnol\u00f3gicos actuales\u201d, destac\u00f3.<\/p>\n<p>Refiri\u00f3 que la carrera en Ciencia de Datos e Inteligencia Artificial se suma a las 19 opciones educativas que actualmente se ofertan en los 8 planteles de la entidad, fortaleciendo su modelo acad\u00e9mico. A\u00f1adi\u00f3 que, entre las carreras de reciente creaci\u00f3n, tambi\u00e9n destacan Autotransporte y Mecatr\u00f3nica, dise\u00f1adas para responder a las vocaciones econ\u00f3micas de la regi\u00f3n.<\/p>\n<p>Se\u00f1al\u00f3 que, con esta nueva incorporaci\u00f3n, CONALEP Tamaulipas refrenda su compromiso con la innovaci\u00f3n educativa y la formaci\u00f3n de profesionales t\u00e9cnicos altamente capacitados, capaces de transformar su entorno a trav\u00e9s del conocimiento y la tecnolog\u00eda.<\/p>\n<p>Resalt\u00f3 que, desde el inicio de la administraci\u00f3n estatal, liderada por el gobernador Am\u00e9rico Villarreal Anaya y con el apoyo del secretario de Educaci\u00f3n, Miguel \u00c1ngel Valdez Garc\u00eda, se ha impulsado la creaci\u00f3n de nuevas carreras t\u00e9cnicas alineadas a las necesidades del sector productivo, con base en estudios especializados avalados por el Programa de las Naciones Unidas para el Desarrollo (PNUD), lo que garantiza una formaci\u00f3n pertinente, actualizada y con visi\u00f3n de futuro.<\/p>\n<p><img loading=\"lazy\" decoding=\"async\" class=\"aligncenter size-full wp-image-210313\" src=\"https:\/\/www.buroperiodistico.com.mx\/wp-content\/uploads\/2026\/04\/CONDatos-I.jpeg\" alt=\"\" width=\"640\" height=\"426\" srcset=\"https:\/\/www.buroperiodistico.com.mx\/wp-content\/uploads\/2026\/04\/CONDatos-I.jpeg 640w, https:\/\/www.buroperiodistico.com.mx\/wp-content\/uploads\/2026\/04\/CONDatos-I-300x200.jpeg 300w\" sizes=\"auto, (max-width: 640px) 100vw, 640px\" \/><\/p>\n","protected":false},"excerpt":{"rendered":"<p>Ciudad Victoria, Tamaulipas (27-Abril-2026).- El Colegio Nacional de Educaci\u00f3n Profesional T\u00e9cnica (CONALEP) de Tamaulipas anunci\u00f3&#8230;<\/p>\n","protected":false},"author":1,"featured_media":210314,"comment_status":"closed","ping_status":"closed","sticky":false,"template":"","format":"standard","meta":{"footnotes":"","jetpack_publicize_message":"","jetpack_publicize_feature_enabled":true,"jetpack_social_post_already_shared":true,"jetpack_social_options":{"image_generator_settings":{"template":"highway","default_image_id":0,"font":"","enabled":false},"version":2}},"categories":[10],"tags":[],"class_list":["post-210312","post","type-post","status-publish","format-standard","has-post-thumbnail","hentry","category-tamaulipas"],"jetpack_publicize_connections":[],"_links":{"self":[{"href":"https:\/\/www.buroperiodistico.com.mx\/index.php?rest_route=\/wp\/v2\/posts\/210312","targetHints":{"allow":["GET"]}}],"collection":[{"href":"https:\/\/www.buroperiodistico.com.mx\/index.php?rest_route=\/wp\/v2\/posts"}],"about":[{"href":"https:\/\/www.buroperiodistico.com.mx\/index.php?rest_route=\/wp\/v2\/types\/post"}],"author":[{"embeddable":true,"href":"https:\/\/www.buroperiodistico.com.mx\/index.php?rest_route=\/wp\/v2\/users\/1"}],"replies":[{"embeddable":true,"href":"https:\/\/www.buroperiodistico.com.mx\/index.php?rest_route=%2Fwp%2Fv2%2Fcomments&post=210312"}],"version-history":[{"count":1,"href":"https:\/\/www.buroperiodistico.com.mx\/index.php?rest_route=\/wp\/v2\/posts\/210312\/revisions"}],"predecessor-version":[{"id":210315,"href":"https:\/\/www.buroperiodistico.com.mx\/index.php?rest_route=\/wp\/v2\/posts\/210312\/revisions\/210315"}],"wp:featuredmedia":[{"embeddable":true,"href":"https:\/\/www.buroperiodistico.com.mx\/index.php?rest_route=\/wp\/v2\/media\/210314"}],"wp:attachment":[{"href":"https:\/\/www.buroperiodistico.com.mx\/index.php?rest_route=%2Fwp%2Fv2%2Fmedia&parent=210312"}],"wp:term":[{"taxonomy":"category","embeddable":true,"href":"https:\/\/www.buroperiodistico.com.mx\/index.php?rest_route=%2Fwp%2Fv2%2Fcategories&post=210312"},{"taxonomy":"post_tag","embeddable":true,"href":"https:\/\/www.buroperiodistico.com.mx\/index.php?rest_route=%2Fwp%2Fv2%2Ftags&post=210312"}],"curies":[{"name":"wp","href":"https:\/\/api.w.org\/{rel}","templated":true}]}}