{"id":210308,"date":"2026-04-27T16:53:09","date_gmt":"2026-04-27T21:53:09","guid":{"rendered":"https:\/\/www.buroperiodistico.com.mx\/?p=210308"},"modified":"2026-04-27T16:53:09","modified_gmt":"2026-04-27T21:53:09","slug":"destinan-15-mdp-para-contener-plaga-del-gusano-barrenador-en-tamaulipas","status":"publish","type":"post","link":"https:\/\/www.buroperiodistico.com.mx\/?p=210308","title":{"rendered":"Destinan 15 mdp para contener plaga del gusano barrenador en Tamaulipas"},"content":{"rendered":"<p><em><strong><img loading=\"lazy\" decoding=\"async\" class=\" wp-image-210310 alignright\" src=\"https:\/\/www.buroperiodistico.com.mx\/wp-content\/uploads\/2026\/04\/SRUTamaulipas-1.jpeg\" alt=\"\" width=\"465\" height=\"315\" srcset=\"https:\/\/www.buroperiodistico.com.mx\/wp-content\/uploads\/2026\/04\/SRUTamaulipas-1.jpeg 1024w, https:\/\/www.buroperiodistico.com.mx\/wp-content\/uploads\/2026\/04\/SRUTamaulipas-1-300x203.jpeg 300w, https:\/\/www.buroperiodistico.com.mx\/wp-content\/uploads\/2026\/04\/SRUTamaulipas-1-768x520.jpeg 768w\" sizes=\"auto, (max-width: 465px) 100vw, 465px\" \/>Ciudad Victoria, Tamaulipas (27-Abril-2026).-<\/strong><\/em> Con el objetivo de reforzar las acciones de control y erradicaci\u00f3n del gusano barrenador del ganado, el Gobierno del Estado, encabezado por el gobernador Am\u00e9rico Villarreal Anaya, destin\u00f3 un presupuesto de 15 millones de pesos que ser\u00e1 ejercido durante el presente a\u00f1o por la Secretar\u00eda de Desarrollo Rural, Pesca y Acuacultura.<\/p>\n<p>El titular de la dependencia, Antonio Varela Flores, destac\u00f3 la estrecha coordinaci\u00f3n con instancias como el Servicio Nacional de Sanidad, Inocuidad y Calidad Agroalimentaria (SENASICA), la Organizaci\u00f3n Internacional Regional de Sanidad Agropecuaria y la Comisi\u00f3n M\u00e9xico\u2013Estados Unidos para la Erradicaci\u00f3n de la Fiebre Aftosa y otras Enfermedades Ex\u00f3ticas, lo cual ha permitido avanzar de manera sostenida en el control de esta plaga.<\/p>\n<p>Inform\u00f3 que los recursos se destinan a acciones operativas como la movilizaci\u00f3n, el barrido sanitario y las denominadas \u201cvolantas\u201d, permitiendo una atenci\u00f3n oportuna de los casos detectados. Actualmente, se cuenta con cerca de 60 agentes desplegados en campo que realizan labores intensivas de vigilancia, control y erradicaci\u00f3n.<\/p>\n<p>Asimismo, se\u00f1al\u00f3 que el SENASICA ha reconocido el trabajo realizado en Tamaulipas, destacando que diversas estrategias implementadas en la entidad han sido replicadas a nivel nacional debido a su efectividad.<\/p>\n<p>En cuanto al avance en el control de la plaga, indic\u00f3 que el n\u00famero de casos ha disminuido de 116 a 103 en los \u00faltimos d\u00edas, de los cuales el 60 por ciento se encuentran inactivos y el 40 por ciento permanecen activos.<\/p>\n<p>A\u00f1adi\u00f3 que, como parte de las acciones binacionales, se construye una planta de producci\u00f3n de mosca est\u00e9ril en Texas, estrategia que ha demostrado hist\u00f3ricamente su eficacia para la erradicaci\u00f3n del gusano barrenador, plaga que en el pasado afect\u00f3 tanto a M\u00e9xico como a Estados Unidos.<\/p>\n<p>Finalmente, Varela Flores afirm\u00f3 que se ha logrado contener el avance de la plaga y que tanto el Gobierno de Estados Unidos como la Federaci\u00f3n han reconocido los resultados obtenidos en la entidad. Reiter\u00f3 que se continuar\u00e1 con el fortalecimiento de las acciones mediante un centro de operaciones que permite el monitoreo y an\u00e1lisis en tiempo real.<\/p>\n<p><img loading=\"lazy\" decoding=\"async\" class=\"aligncenter size-full wp-image-210309\" src=\"https:\/\/www.buroperiodistico.com.mx\/wp-content\/uploads\/2026\/04\/SRUTamaulipas-I-1.jpeg\" alt=\"\" width=\"640\" height=\"427\" srcset=\"https:\/\/www.buroperiodistico.com.mx\/wp-content\/uploads\/2026\/04\/SRUTamaulipas-I-1.jpeg 640w, https:\/\/www.buroperiodistico.com.mx\/wp-content\/uploads\/2026\/04\/SRUTamaulipas-I-1-300x200.jpeg 300w\" sizes=\"auto, (max-width: 640px) 100vw, 640px\" \/><\/p>\n","protected":false},"excerpt":{"rendered":"<p>Ciudad Victoria, Tamaulipas (27-Abril-2026).- Con el objetivo de reforzar las acciones de control y erradicaci\u00f3n&#8230;<\/p>\n","protected":false},"author":1,"featured_media":210310,"comment_status":"closed","ping_status":"closed","sticky":false,"template":"","format":"standard","meta":{"footnotes":"","jetpack_publicize_message":"","jetpack_publicize_feature_enabled":true,"jetpack_social_post_already_shared":true,"jetpack_social_options":{"image_generator_settings":{"template":"highway","default_image_id":0,"font":"","enabled":false},"version":2}},"categories":[10],"tags":[],"class_list":["post-210308","post","type-post","status-publish","format-standard","has-post-thumbnail","hentry","category-tamaulipas"],"jetpack_publicize_connections":[],"_links":{"self":[{"href":"https:\/\/www.buroperiodistico.com.mx\/index.php?rest_route=\/wp\/v2\/posts\/210308","targetHints":{"allow":["GET"]}}],"collection":[{"href":"https:\/\/www.buroperiodistico.com.mx\/index.php?rest_route=\/wp\/v2\/posts"}],"about":[{"href":"https:\/\/www.buroperiodistico.com.mx\/index.php?rest_route=\/wp\/v2\/types\/post"}],"author":[{"embeddable":true,"href":"https:\/\/www.buroperiodistico.com.mx\/index.php?rest_route=\/wp\/v2\/users\/1"}],"replies":[{"embeddable":true,"href":"https:\/\/www.buroperiodistico.com.mx\/index.php?rest_route=%2Fwp%2Fv2%2Fcomments&post=210308"}],"version-history":[{"count":1,"href":"https:\/\/www.buroperiodistico.com.mx\/index.php?rest_route=\/wp\/v2\/posts\/210308\/revisions"}],"predecessor-version":[{"id":210311,"href":"https:\/\/www.buroperiodistico.com.mx\/index.php?rest_route=\/wp\/v2\/posts\/210308\/revisions\/210311"}],"wp:featuredmedia":[{"embeddable":true,"href":"https:\/\/www.buroperiodistico.com.mx\/index.php?rest_route=\/wp\/v2\/media\/210310"}],"wp:attachment":[{"href":"https:\/\/www.buroperiodistico.com.mx\/index.php?rest_route=%2Fwp%2Fv2%2Fmedia&parent=210308"}],"wp:term":[{"taxonomy":"category","embeddable":true,"href":"https:\/\/www.buroperiodistico.com.mx\/index.php?rest_route=%2Fwp%2Fv2%2Fcategories&post=210308"},{"taxonomy":"post_tag","embeddable":true,"href":"https:\/\/www.buroperiodistico.com.mx\/index.php?rest_route=%2Fwp%2Fv2%2Ftags&post=210308"}],"curies":[{"name":"wp","href":"https:\/\/api.w.org\/{rel}","templated":true}]}}