{"id":210301,"date":"2026-04-27T16:44:36","date_gmt":"2026-04-27T21:44:36","guid":{"rendered":"https:\/\/www.buroperiodistico.com.mx\/?p=210301"},"modified":"2026-04-27T16:44:36","modified_gmt":"2026-04-27T21:44:36","slug":"fortalece-stps-cultura-de-prevencion-con-evento-de-seguridad-y-salud-laboral-en-reynosa","status":"publish","type":"post","link":"https:\/\/www.buroperiodistico.com.mx\/?p=210301","title":{"rendered":"Fortalece STPS cultura de prevenci\u00f3n con evento de seguridad y salud laboral en Reynosa"},"content":{"rendered":"<p><em><strong><img loading=\"lazy\" decoding=\"async\" class=\" wp-image-210306 alignright\" src=\"https:\/\/www.buroperiodistico.com.mx\/wp-content\/uploads\/2026\/04\/STRReynosa.jpeg\" alt=\"\" width=\"504\" height=\"328\" srcset=\"https:\/\/www.buroperiodistico.com.mx\/wp-content\/uploads\/2026\/04\/STRReynosa.jpeg 1024w, https:\/\/www.buroperiodistico.com.mx\/wp-content\/uploads\/2026\/04\/STRReynosa-300x195.jpeg 300w, https:\/\/www.buroperiodistico.com.mx\/wp-content\/uploads\/2026\/04\/STRReynosa-768x500.jpeg 768w\" sizes=\"auto, (max-width: 504px) 100vw, 504px\" \/>Reynosa, Tamaulipas (27-Abril-2026).-<\/strong><\/em> Con el objetivo de promover entornos laborales seguros y prevenir riesgos en los centros de trabajo, la Secretar\u00eda del Trabajo y Previsi\u00f3n Social (STPS) llev\u00f3 a cabo el evento \u201cTamaulipas por la Seguridad y Salud en el Trabajo\u201d, con la participaci\u00f3n de especialistas, autoridades y representantes del sector productivo.<\/p>\n<p>El evento fue encabezado por Erick Ortiz Gonz\u00e1lez, titular de la Direcci\u00f3n General de Inspecci\u00f3n y Previsi\u00f3n Social, como parte de las acciones impulsadas bajo el liderazgo del secretario del Trabajo y Previsi\u00f3n Social, Luis Gerardo Illoldi Reyes.<\/p>\n<p>Durante la jornada, realizada en la Unidad Acad\u00e9mica Multidisciplinaria Reynosa Aztl\u00e1n de la Universidad Aut\u00f3noma de Tamaulipas, se impartieron conferencias magistrales orientadas a fortalecer la cultura preventiva, abordando temas como la integraci\u00f3n de comisiones de seguridad e higiene, el uso adecuado del equipo de protecci\u00f3n personal y la implementaci\u00f3n de programas voluntarios para el cumplimiento de la normativa laboral.<\/p>\n<p>Asimismo, se destac\u00f3 la importancia de la colaboraci\u00f3n entre autoridades, empresas y trabajadores para consolidar espacios laborales m\u00e1s seguros, reducir accidentes y fortalecer la productividad en los centros de trabajo.<\/p>\n<p>Estas acciones forman parte de una estrategia integral orientada a reforzar la capacitaci\u00f3n en normas oficiales en materia de seguridad e higiene laboral, as\u00ed como a promover una cultura de prevenci\u00f3n en beneficio de las y los trabajadores tamaulipecos.<\/p>\n<p>Con este tipo de iniciativas, la Secretar\u00eda del Trabajo y Previsi\u00f3n Social refrenda su compromiso con el bienestar laboral, en concordancia con la pol\u00edtica humanista y de transformaci\u00f3n impulsada por el Gobierno del Estado.<\/p>\n<p><img loading=\"lazy\" decoding=\"async\" class=\"aligncenter size-full wp-image-210302\" src=\"https:\/\/www.buroperiodistico.com.mx\/wp-content\/uploads\/2026\/04\/STRReynosa-I.jpeg\" alt=\"\" width=\"640\" height=\"407\" srcset=\"https:\/\/www.buroperiodistico.com.mx\/wp-content\/uploads\/2026\/04\/STRReynosa-I.jpeg 640w, https:\/\/www.buroperiodistico.com.mx\/wp-content\/uploads\/2026\/04\/STRReynosa-I-300x191.jpeg 300w\" sizes=\"auto, (max-width: 640px) 100vw, 640px\" \/> <img loading=\"lazy\" decoding=\"async\" class=\"aligncenter size-full wp-image-210305\" src=\"https:\/\/www.buroperiodistico.com.mx\/wp-content\/uploads\/2026\/04\/STRReynosa-IIII.jpeg\" alt=\"\" width=\"640\" height=\"480\" srcset=\"https:\/\/www.buroperiodistico.com.mx\/wp-content\/uploads\/2026\/04\/STRReynosa-IIII.jpeg 640w, https:\/\/www.buroperiodistico.com.mx\/wp-content\/uploads\/2026\/04\/STRReynosa-IIII-300x225.jpeg 300w\" sizes=\"auto, (max-width: 640px) 100vw, 640px\" \/> <img loading=\"lazy\" decoding=\"async\" class=\"aligncenter size-full wp-image-210304\" src=\"https:\/\/www.buroperiodistico.com.mx\/wp-content\/uploads\/2026\/04\/STRReynosa-III.jpeg\" alt=\"\" width=\"640\" height=\"480\" srcset=\"https:\/\/www.buroperiodistico.com.mx\/wp-content\/uploads\/2026\/04\/STRReynosa-III.jpeg 640w, https:\/\/www.buroperiodistico.com.mx\/wp-content\/uploads\/2026\/04\/STRReynosa-III-300x225.jpeg 300w\" sizes=\"auto, (max-width: 640px) 100vw, 640px\" \/> <img loading=\"lazy\" decoding=\"async\" class=\"aligncenter size-full wp-image-210303\" src=\"https:\/\/www.buroperiodistico.com.mx\/wp-content\/uploads\/2026\/04\/STRReynosa-II.jpeg\" alt=\"\" width=\"640\" height=\"480\" srcset=\"https:\/\/www.buroperiodistico.com.mx\/wp-content\/uploads\/2026\/04\/STRReynosa-II.jpeg 640w, https:\/\/www.buroperiodistico.com.mx\/wp-content\/uploads\/2026\/04\/STRReynosa-II-300x225.jpeg 300w\" sizes=\"auto, (max-width: 640px) 100vw, 640px\" \/><\/p>\n","protected":false},"excerpt":{"rendered":"<p>Reynosa, Tamaulipas (27-Abril-2026).- Con el objetivo de promover entornos laborales seguros y prevenir riesgos en&#8230;<\/p>\n","protected":false},"author":1,"featured_media":210306,"comment_status":"closed","ping_status":"closed","sticky":false,"template":"","format":"standard","meta":{"footnotes":"","jetpack_publicize_message":"","jetpack_publicize_feature_enabled":true,"jetpack_social_post_already_shared":true,"jetpack_social_options":{"image_generator_settings":{"template":"highway","default_image_id":0,"font":"","enabled":false},"version":2}},"categories":[10],"tags":[],"class_list":["post-210301","post","type-post","status-publish","format-standard","has-post-thumbnail","hentry","category-tamaulipas"],"jetpack_publicize_connections":[],"_links":{"self":[{"href":"https:\/\/www.buroperiodistico.com.mx\/index.php?rest_route=\/wp\/v2\/posts\/210301","targetHints":{"allow":["GET"]}}],"collection":[{"href":"https:\/\/www.buroperiodistico.com.mx\/index.php?rest_route=\/wp\/v2\/posts"}],"about":[{"href":"https:\/\/www.buroperiodistico.com.mx\/index.php?rest_route=\/wp\/v2\/types\/post"}],"author":[{"embeddable":true,"href":"https:\/\/www.buroperiodistico.com.mx\/index.php?rest_route=\/wp\/v2\/users\/1"}],"replies":[{"embeddable":true,"href":"https:\/\/www.buroperiodistico.com.mx\/index.php?rest_route=%2Fwp%2Fv2%2Fcomments&post=210301"}],"version-history":[{"count":1,"href":"https:\/\/www.buroperiodistico.com.mx\/index.php?rest_route=\/wp\/v2\/posts\/210301\/revisions"}],"predecessor-version":[{"id":210307,"href":"https:\/\/www.buroperiodistico.com.mx\/index.php?rest_route=\/wp\/v2\/posts\/210301\/revisions\/210307"}],"wp:featuredmedia":[{"embeddable":true,"href":"https:\/\/www.buroperiodistico.com.mx\/index.php?rest_route=\/wp\/v2\/media\/210306"}],"wp:attachment":[{"href":"https:\/\/www.buroperiodistico.com.mx\/index.php?rest_route=%2Fwp%2Fv2%2Fmedia&parent=210301"}],"wp:term":[{"taxonomy":"category","embeddable":true,"href":"https:\/\/www.buroperiodistico.com.mx\/index.php?rest_route=%2Fwp%2Fv2%2Fcategories&post=210301"},{"taxonomy":"post_tag","embeddable":true,"href":"https:\/\/www.buroperiodistico.com.mx\/index.php?rest_route=%2Fwp%2Fv2%2Ftags&post=210301"}],"curies":[{"name":"wp","href":"https:\/\/api.w.org\/{rel}","templated":true}]}}