{"id":210298,"date":"2026-04-27T16:38:15","date_gmt":"2026-04-27T21:38:15","guid":{"rendered":"https:\/\/www.buroperiodistico.com.mx\/?p=210298"},"modified":"2026-04-27T16:38:15","modified_gmt":"2026-04-27T21:38:15","slug":"dif-tamaulipas-mantiene-abierta-la-convocatoria-familias-en-paz-2026","status":"publish","type":"post","link":"https:\/\/www.buroperiodistico.com.mx\/?p=210298","title":{"rendered":"DIF Tamaulipas mantiene abierta la convocatoria \u201cFamilias en Paz 2026\u201d"},"content":{"rendered":"<ul>\n<li><em><strong>La convocatoria ofrece financiamiento a organizaciones civiles donatarias y permanece abierta hasta el pr\u00f3ximo 3 de mayo<\/strong><\/em><\/li>\n<\/ul>\n<p><em><strong><img loading=\"lazy\" decoding=\"async\" class=\" wp-image-210299 alignright\" src=\"https:\/\/www.buroperiodistico.com.mx\/wp-content\/uploads\/2026\/04\/DIFPaz.jpeg\" alt=\"\" width=\"526\" height=\"328\" srcset=\"https:\/\/www.buroperiodistico.com.mx\/wp-content\/uploads\/2026\/04\/DIFPaz.jpeg 1024w, https:\/\/www.buroperiodistico.com.mx\/wp-content\/uploads\/2026\/04\/DIFPaz-300x187.jpeg 300w, https:\/\/www.buroperiodistico.com.mx\/wp-content\/uploads\/2026\/04\/DIFPaz-768x479.jpeg 768w\" sizes=\"auto, (max-width: 526px) 100vw, 526px\" \/>Ciudad Victoria, Tamaulipas (27-Abril-2026).-<\/strong><\/em> Con la finalidad de incidir en el bienestar y el desarrollo de la poblaci\u00f3n de atenci\u00f3n prioritaria por medio de iniciativas de asistencia social, el Sistema DIF Tamaulipas, que preside la doctora Mar\u00eda de Villarreal, invita a las organizaciones civiles donatarias a participar en la convocatoria \u201cFamilias en Paz 2026\u201d, la cual contempla apoyo econ\u00f3mico para la implementaci\u00f3n de proyectos sociales.<\/p>\n<p>A trav\u00e9s de este programa, las organizaciones seleccionadas podr\u00e1n acceder a financiamiento que va de los 250 mil hasta los 500 mil pesos, cubriendo hasta el 30 por ciento del costo total de sus iniciativas, lo que permitir\u00e1 fortalecer sus acciones en beneficio de las familias tamaulipecas.<\/p>\n<p>Las iniciativas deben ser presentadas en l\u00ednea, teniendo como fecha l\u00edmite el 3 de mayo del presente a\u00f1o, cumpliendo con los documentos y especificaciones indicadas en la convocatoria, disponible en la p\u00e1gina https:\/\/sistemadiftamaulipas.gob.mx\/familiasenpaz\/.<\/p>\n<p>Las propuestas ser\u00e1n valoradas por un comit\u00e9 de evaluaci\u00f3n integrado por investigadores, docentes universitarios y especialistas en asistencia social, quienes seleccionar\u00e1n los proyectos con mayor impacto social.<\/p>\n<p>Cada organizaci\u00f3n participante deber\u00e1 cumplir con criterios como contar con un \u00f3rgano de gobierno, disponer de un modelo de intervenci\u00f3n enfocado en la poblaci\u00f3n de atenci\u00f3n prioritaria y contribuir a atender las causas estructurales de la pobreza.<\/p>\n<p>Los proyectos deber\u00e1n tener alcance en los 43 municipios del estado y ejecutarse en un periodo de entre 6 y 12 meses, priorizando acciones en infraestructura, equipamiento y programas de capacitaci\u00f3n que fortalezcan los servicios que brindan.<\/p>\n<p>Adem\u00e1s del financiamiento, las organizaciones seleccionadas recibir\u00e1n asesor\u00eda t\u00e9cnica para asegurar una correcta implementaci\u00f3n y sostenibilidad de sus proyectos, promoviendo la colaboraci\u00f3n comunitaria y resultados de largo plazo.<\/p>\n<p>Con \u201cFamilias en Paz\u201d, el Sistema para el Desarrollo Integral de la Familia reafirma su compromiso de trabajar de la mano con la sociedad civil para construir entornos m\u00e1s seguros, solidarios y con mayores oportunidades para todas las familias de Tamaulipas.<\/p>\n","protected":false},"excerpt":{"rendered":"<p>La convocatoria ofrece financiamiento a organizaciones civiles donatarias y permanece abierta hasta el pr\u00f3ximo 3&#8230;<\/p>\n","protected":false},"author":1,"featured_media":210299,"comment_status":"closed","ping_status":"closed","sticky":false,"template":"","format":"standard","meta":{"footnotes":"","jetpack_publicize_message":"","jetpack_publicize_feature_enabled":true,"jetpack_social_post_already_shared":true,"jetpack_social_options":{"image_generator_settings":{"template":"highway","default_image_id":0,"font":"","enabled":false},"version":2}},"categories":[25,10],"tags":[],"class_list":["post-210298","post","type-post","status-publish","format-standard","has-post-thumbnail","hentry","category-portada","category-tamaulipas"],"jetpack_publicize_connections":[],"_links":{"self":[{"href":"https:\/\/www.buroperiodistico.com.mx\/index.php?rest_route=\/wp\/v2\/posts\/210298","targetHints":{"allow":["GET"]}}],"collection":[{"href":"https:\/\/www.buroperiodistico.com.mx\/index.php?rest_route=\/wp\/v2\/posts"}],"about":[{"href":"https:\/\/www.buroperiodistico.com.mx\/index.php?rest_route=\/wp\/v2\/types\/post"}],"author":[{"embeddable":true,"href":"https:\/\/www.buroperiodistico.com.mx\/index.php?rest_route=\/wp\/v2\/users\/1"}],"replies":[{"embeddable":true,"href":"https:\/\/www.buroperiodistico.com.mx\/index.php?rest_route=%2Fwp%2Fv2%2Fcomments&post=210298"}],"version-history":[{"count":1,"href":"https:\/\/www.buroperiodistico.com.mx\/index.php?rest_route=\/wp\/v2\/posts\/210298\/revisions"}],"predecessor-version":[{"id":210300,"href":"https:\/\/www.buroperiodistico.com.mx\/index.php?rest_route=\/wp\/v2\/posts\/210298\/revisions\/210300"}],"wp:featuredmedia":[{"embeddable":true,"href":"https:\/\/www.buroperiodistico.com.mx\/index.php?rest_route=\/wp\/v2\/media\/210299"}],"wp:attachment":[{"href":"https:\/\/www.buroperiodistico.com.mx\/index.php?rest_route=%2Fwp%2Fv2%2Fmedia&parent=210298"}],"wp:term":[{"taxonomy":"category","embeddable":true,"href":"https:\/\/www.buroperiodistico.com.mx\/index.php?rest_route=%2Fwp%2Fv2%2Fcategories&post=210298"},{"taxonomy":"post_tag","embeddable":true,"href":"https:\/\/www.buroperiodistico.com.mx\/index.php?rest_route=%2Fwp%2Fv2%2Ftags&post=210298"}],"curies":[{"name":"wp","href":"https:\/\/api.w.org\/{rel}","templated":true}]}}