{"id":210285,"date":"2026-04-27T16:29:56","date_gmt":"2026-04-27T21:29:56","guid":{"rendered":"https:\/\/www.buroperiodistico.com.mx\/?p=210285"},"modified":"2026-04-27T16:29:56","modified_gmt":"2026-04-27T21:29:56","slug":"impulsan-desde-el-congreso-participacion-infantil-con-propuestas-en-favor-de-la-inclusion-educativa","status":"publish","type":"post","link":"https:\/\/www.buroperiodistico.com.mx\/?p=210285","title":{"rendered":"Impulsan desde el Congreso participaci\u00f3n infantil con propuestas en favor de la inclusi\u00f3n educativa"},"content":{"rendered":"<p><em><strong><img loading=\"lazy\" decoding=\"async\" class=\" wp-image-210296 alignright\" src=\"https:\/\/www.buroperiodistico.com.mx\/wp-content\/uploads\/2026\/04\/Hpx-4.jpeg\" alt=\"\" width=\"531\" height=\"332\" srcset=\"https:\/\/www.buroperiodistico.com.mx\/wp-content\/uploads\/2026\/04\/Hpx-4.jpeg 1024w, https:\/\/www.buroperiodistico.com.mx\/wp-content\/uploads\/2026\/04\/Hpx-4-300x188.jpeg 300w, https:\/\/www.buroperiodistico.com.mx\/wp-content\/uploads\/2026\/04\/Hpx-4-768x480.jpeg 768w\" sizes=\"auto, (max-width: 531px) 100vw, 531px\" \/>Cd. Victoria, Tam (27-Abril-2026).-<\/strong><\/em> En el Congreso local se desarrollaron los trabajos del Segundo Parlamento Infantil del Consejo Consultivo del Observatorio Participativo e Inclusivo de Ni\u00f1as, Ni\u00f1os y Adolescentes de Tamaulipas, donde los infantes vivieron una jornada legislativa que incluy\u00f3 reuni\u00f3n de comisiones y sesi\u00f3n plenaria, en la que presentaron, analizaron y aprobaron una iniciativa orientada a fortalecer la inclusi\u00f3n educativa.<\/p>\n<p>Durante la ceremonia inaugural, el presidente de la Junta de Gobierno, diputado Humberto Armando Prieto Herrera, destac\u00f3 la importancia de escuchar a las infancias como parte fundamental en la construcci\u00f3n de un mejor Tamaulipas.<\/p>\n<p>\u201cHoy este Congreso les da voz, los escucha con seriedad y con la convicci\u00f3n de que muchas de las mejores respuestas a los desaf\u00edos que enfrentamos pueden venir precisamente de ustedes\u201d, expres\u00f3.<\/p>\n<p>Como parte de las actividades parlamentarias, se llev\u00f3 a cabo una reuni\u00f3n de comisi\u00f3n integrada por las y los diputados infantiles Fernanda Sol\u00eds Alaffa, Ad\u00e1n Noel Dom\u00ednguez Mart\u00ednez, Denssel Alesandro G\u00f3mez Maldonado, C\u00e9sar Eduardo De La Garza Sald\u00edvar y Julia Nirvana Trujillo Mart\u00ednez, donde fue analizada y dictaminada la iniciativa con Proyecto de Decreto para incorporar la figura del \u201cmaestro sombra\u201d en la legislaci\u00f3n estatal, como apoyo especializado para ni\u00f1as, ni\u00f1os y adolescentes con condici\u00f3n del espectro autista y trastornos del neurodesarrollo.<\/p>\n<p>En este marco, la legisladora Yuriria Iturbe V\u00e1zquez reconoci\u00f3 la participaci\u00f3n responsable de las y los integrantes del Parlamento Infantil y subray\u00f3 que sus ideas son fundamentales para la labor legislativa.<\/p>\n<p>\u201cCada vez que ustedes opinan y dicen lo que piensan es muy valioso; participen siempre, porque sus voces importan y ayudan a construir un mejor entorno para todas y todos\u201d, resalt\u00f3.<\/p>\n<p>Posteriormente, en sesi\u00f3n plenaria, las y los parlamentarios infantiles aprobaron la propuesta para fortalecer el marco jur\u00eddico estatal mediante el reconocimiento del \u201cmaestro sombra\u201d, iniciativa encaminada a garantizar mayores apoyos para la inclusi\u00f3n y permanencia escolar de estudiantes con necesidades espec\u00edficas.<\/p>\n<p>Durante la sesi\u00f3n, el diputado y consejero infantil, Diego Estrada Navarro, del municipio de Ciudad Madero, agradeci\u00f3 al Congreso del Estado por brindar este espacio de participaci\u00f3n y destac\u00f3 que este ejercicio demuestra que en Tamaulipas las voces de ni\u00f1as, ni\u00f1os y adolescentes son escuchadas y tomadas en cuenta en la construcci\u00f3n de pol\u00edticas p\u00fablicas.<\/p>\n<p><img loading=\"lazy\" decoding=\"async\" class=\"aligncenter size-full wp-image-210286\" src=\"https:\/\/www.buroperiodistico.com.mx\/wp-content\/uploads\/2026\/04\/Hpx-I-3.jpeg\" alt=\"\" width=\"640\" height=\"426\" srcset=\"https:\/\/www.buroperiodistico.com.mx\/wp-content\/uploads\/2026\/04\/Hpx-I-3.jpeg 640w, https:\/\/www.buroperiodistico.com.mx\/wp-content\/uploads\/2026\/04\/Hpx-I-3-300x200.jpeg 300w\" sizes=\"auto, (max-width: 640px) 100vw, 640px\" \/> <img loading=\"lazy\" decoding=\"async\" class=\"aligncenter size-full wp-image-210295\" src=\"https:\/\/www.buroperiodistico.com.mx\/wp-content\/uploads\/2026\/04\/Hpx-IIIIIIIIII.jpeg\" alt=\"\" width=\"640\" height=\"426\" srcset=\"https:\/\/www.buroperiodistico.com.mx\/wp-content\/uploads\/2026\/04\/Hpx-IIIIIIIIII.jpeg 640w, https:\/\/www.buroperiodistico.com.mx\/wp-content\/uploads\/2026\/04\/Hpx-IIIIIIIIII-300x200.jpeg 300w\" sizes=\"auto, (max-width: 640px) 100vw, 640px\" \/> <img loading=\"lazy\" decoding=\"async\" class=\"aligncenter size-full wp-image-210294\" src=\"https:\/\/www.buroperiodistico.com.mx\/wp-content\/uploads\/2026\/04\/Hpx-IIIIIIIII.jpeg\" alt=\"\" width=\"640\" height=\"426\" srcset=\"https:\/\/www.buroperiodistico.com.mx\/wp-content\/uploads\/2026\/04\/Hpx-IIIIIIIII.jpeg 640w, https:\/\/www.buroperiodistico.com.mx\/wp-content\/uploads\/2026\/04\/Hpx-IIIIIIIII-300x200.jpeg 300w\" sizes=\"auto, (max-width: 640px) 100vw, 640px\" \/> <img loading=\"lazy\" decoding=\"async\" class=\"aligncenter size-full wp-image-210293\" src=\"https:\/\/www.buroperiodistico.com.mx\/wp-content\/uploads\/2026\/04\/Hpx-IIIIIIII.jpeg\" alt=\"\" width=\"640\" height=\"426\" srcset=\"https:\/\/www.buroperiodistico.com.mx\/wp-content\/uploads\/2026\/04\/Hpx-IIIIIIII.jpeg 640w, https:\/\/www.buroperiodistico.com.mx\/wp-content\/uploads\/2026\/04\/Hpx-IIIIIIII-300x200.jpeg 300w\" sizes=\"auto, (max-width: 640px) 100vw, 640px\" \/> <img loading=\"lazy\" decoding=\"async\" class=\"aligncenter size-full wp-image-210292\" src=\"https:\/\/www.buroperiodistico.com.mx\/wp-content\/uploads\/2026\/04\/Hpx-IIIIIII.jpeg\" alt=\"\" width=\"640\" height=\"426\" srcset=\"https:\/\/www.buroperiodistico.com.mx\/wp-content\/uploads\/2026\/04\/Hpx-IIIIIII.jpeg 640w, https:\/\/www.buroperiodistico.com.mx\/wp-content\/uploads\/2026\/04\/Hpx-IIIIIII-300x200.jpeg 300w\" sizes=\"auto, (max-width: 640px) 100vw, 640px\" \/> <img loading=\"lazy\" decoding=\"async\" class=\"aligncenter size-full wp-image-210291\" src=\"https:\/\/www.buroperiodistico.com.mx\/wp-content\/uploads\/2026\/04\/Hpx-IIIIII-2.jpeg\" alt=\"\" width=\"640\" height=\"426\" srcset=\"https:\/\/www.buroperiodistico.com.mx\/wp-content\/uploads\/2026\/04\/Hpx-IIIIII-2.jpeg 640w, https:\/\/www.buroperiodistico.com.mx\/wp-content\/uploads\/2026\/04\/Hpx-IIIIII-2-300x200.jpeg 300w\" sizes=\"auto, (max-width: 640px) 100vw, 640px\" \/> <img loading=\"lazy\" decoding=\"async\" class=\"aligncenter size-full wp-image-210290\" src=\"https:\/\/www.buroperiodistico.com.mx\/wp-content\/uploads\/2026\/04\/Hpx-IIIII-3.jpeg\" alt=\"\" width=\"640\" height=\"426\" srcset=\"https:\/\/www.buroperiodistico.com.mx\/wp-content\/uploads\/2026\/04\/Hpx-IIIII-3.jpeg 640w, https:\/\/www.buroperiodistico.com.mx\/wp-content\/uploads\/2026\/04\/Hpx-IIIII-3-300x200.jpeg 300w\" sizes=\"auto, (max-width: 640px) 100vw, 640px\" \/> <img loading=\"lazy\" decoding=\"async\" class=\"aligncenter size-full wp-image-210289\" src=\"https:\/\/www.buroperiodistico.com.mx\/wp-content\/uploads\/2026\/04\/Hpx-IIII-3.jpeg\" alt=\"\" width=\"640\" height=\"426\" srcset=\"https:\/\/www.buroperiodistico.com.mx\/wp-content\/uploads\/2026\/04\/Hpx-IIII-3.jpeg 640w, https:\/\/www.buroperiodistico.com.mx\/wp-content\/uploads\/2026\/04\/Hpx-IIII-3-300x200.jpeg 300w\" sizes=\"auto, (max-width: 640px) 100vw, 640px\" \/> <img loading=\"lazy\" decoding=\"async\" class=\"aligncenter size-full wp-image-210288\" src=\"https:\/\/www.buroperiodistico.com.mx\/wp-content\/uploads\/2026\/04\/Hpx-III-3.jpeg\" alt=\"\" width=\"640\" height=\"426\" srcset=\"https:\/\/www.buroperiodistico.com.mx\/wp-content\/uploads\/2026\/04\/Hpx-III-3.jpeg 640w, https:\/\/www.buroperiodistico.com.mx\/wp-content\/uploads\/2026\/04\/Hpx-III-3-300x200.jpeg 300w\" sizes=\"auto, (max-width: 640px) 100vw, 640px\" \/> <img loading=\"lazy\" decoding=\"async\" class=\"aligncenter size-full wp-image-210287\" src=\"https:\/\/www.buroperiodistico.com.mx\/wp-content\/uploads\/2026\/04\/Hpx-II-3.jpeg\" alt=\"\" width=\"640\" height=\"426\" srcset=\"https:\/\/www.buroperiodistico.com.mx\/wp-content\/uploads\/2026\/04\/Hpx-II-3.jpeg 640w, https:\/\/www.buroperiodistico.com.mx\/wp-content\/uploads\/2026\/04\/Hpx-II-3-300x200.jpeg 300w\" sizes=\"auto, (max-width: 640px) 100vw, 640px\" \/><\/p>\n","protected":false},"excerpt":{"rendered":"<p>Cd. Victoria, Tam (27-Abril-2026).- En el Congreso local se desarrollaron los trabajos del Segundo Parlamento&#8230;<\/p>\n","protected":false},"author":1,"featured_media":210296,"comment_status":"closed","ping_status":"closed","sticky":false,"template":"","format":"standard","meta":{"footnotes":"","jetpack_publicize_message":"","jetpack_publicize_feature_enabled":true,"jetpack_social_post_already_shared":true,"jetpack_social_options":{"image_generator_settings":{"template":"highway","default_image_id":0,"font":"","enabled":false},"version":2}},"categories":[17],"tags":[],"class_list":["post-210285","post","type-post","status-publish","format-standard","has-post-thumbnail","hentry","category-ciudadvictoria"],"jetpack_publicize_connections":[],"_links":{"self":[{"href":"https:\/\/www.buroperiodistico.com.mx\/index.php?rest_route=\/wp\/v2\/posts\/210285","targetHints":{"allow":["GET"]}}],"collection":[{"href":"https:\/\/www.buroperiodistico.com.mx\/index.php?rest_route=\/wp\/v2\/posts"}],"about":[{"href":"https:\/\/www.buroperiodistico.com.mx\/index.php?rest_route=\/wp\/v2\/types\/post"}],"author":[{"embeddable":true,"href":"https:\/\/www.buroperiodistico.com.mx\/index.php?rest_route=\/wp\/v2\/users\/1"}],"replies":[{"embeddable":true,"href":"https:\/\/www.buroperiodistico.com.mx\/index.php?rest_route=%2Fwp%2Fv2%2Fcomments&post=210285"}],"version-history":[{"count":1,"href":"https:\/\/www.buroperiodistico.com.mx\/index.php?rest_route=\/wp\/v2\/posts\/210285\/revisions"}],"predecessor-version":[{"id":210297,"href":"https:\/\/www.buroperiodistico.com.mx\/index.php?rest_route=\/wp\/v2\/posts\/210285\/revisions\/210297"}],"wp:featuredmedia":[{"embeddable":true,"href":"https:\/\/www.buroperiodistico.com.mx\/index.php?rest_route=\/wp\/v2\/media\/210296"}],"wp:attachment":[{"href":"https:\/\/www.buroperiodistico.com.mx\/index.php?rest_route=%2Fwp%2Fv2%2Fmedia&parent=210285"}],"wp:term":[{"taxonomy":"category","embeddable":true,"href":"https:\/\/www.buroperiodistico.com.mx\/index.php?rest_route=%2Fwp%2Fv2%2Fcategories&post=210285"},{"taxonomy":"post_tag","embeddable":true,"href":"https:\/\/www.buroperiodistico.com.mx\/index.php?rest_route=%2Fwp%2Fv2%2Ftags&post=210285"}],"curies":[{"name":"wp","href":"https:\/\/api.w.org\/{rel}","templated":true}]}}