{"id":210268,"date":"2026-04-27T16:11:38","date_gmt":"2026-04-27T21:11:38","guid":{"rendered":"https:\/\/www.buroperiodistico.com.mx\/?p=210268"},"modified":"2026-04-27T16:11:38","modified_gmt":"2026-04-27T21:11:38","slug":"brillaron-boxeadores-reynosenses-en-funcion-de-box-internacional","status":"publish","type":"post","link":"https:\/\/www.buroperiodistico.com.mx\/?p=210268","title":{"rendered":"Brillaron boxeadores reynosenses en funci\u00f3n de box internacional"},"content":{"rendered":"<p><em><strong><img loading=\"lazy\" decoding=\"async\" class=\" wp-image-210273 alignright\" src=\"https:\/\/www.buroperiodistico.com.mx\/wp-content\/uploads\/2026\/04\/BoxIter.jpeg\" alt=\"\" width=\"528\" height=\"301\" srcset=\"https:\/\/www.buroperiodistico.com.mx\/wp-content\/uploads\/2026\/04\/BoxIter.jpeg 1024w, https:\/\/www.buroperiodistico.com.mx\/wp-content\/uploads\/2026\/04\/BoxIter-300x171.jpeg 300w, https:\/\/www.buroperiodistico.com.mx\/wp-content\/uploads\/2026\/04\/BoxIter-768x438.jpeg 768w\" sizes=\"auto, (max-width: 528px) 100vw, 528px\" \/>Reynosa, Tam (27-Abril-2026).-<\/strong><\/em> El Alcalde Carlos Pe\u00f1a Ortiz, destac\u00f3 la participaci\u00f3n de boxeadores reynosenses en la reciente funci\u00f3n internacional de boxeo, donde formaron parte de la cartelera en la que se present\u00f3 el ex campe\u00f3n mundial Julio C\u00e9sar Ch\u00e1vez Carrasco.<\/p>\n<p>El Gobierno Municipal subray\u00f3 la importancia de brindar espacios a los talentos locales, quienes tuvieron la oportunidad de mostrarse ante un p\u00fablico amplio, demostrando su calidad, disciplina y preparaci\u00f3n sobre el ring.<\/p>\n<p>El Instituto Municipal del Deporte brind\u00f3 su apoyo mediante la log\u00edstica del evento, contribuyendo al desarrollo de una funci\u00f3n de gran nivel que reuni\u00f3 a exponentes nacionales e internacionales.<\/p>\n<p>#Reynosaimparable<\/p>\n<p><img loading=\"lazy\" decoding=\"async\" class=\"aligncenter size-full wp-image-210269\" src=\"https:\/\/www.buroperiodistico.com.mx\/wp-content\/uploads\/2026\/04\/BoxIter-I.jpeg\" alt=\"\" width=\"640\" height=\"378\" srcset=\"https:\/\/www.buroperiodistico.com.mx\/wp-content\/uploads\/2026\/04\/BoxIter-I.jpeg 640w, https:\/\/www.buroperiodistico.com.mx\/wp-content\/uploads\/2026\/04\/BoxIter-I-300x177.jpeg 300w\" sizes=\"auto, (max-width: 640px) 100vw, 640px\" \/> <img loading=\"lazy\" decoding=\"async\" class=\"aligncenter size-full wp-image-210272\" src=\"https:\/\/www.buroperiodistico.com.mx\/wp-content\/uploads\/2026\/04\/BoxIter-IIII.jpeg\" alt=\"\" width=\"640\" height=\"345\" srcset=\"https:\/\/www.buroperiodistico.com.mx\/wp-content\/uploads\/2026\/04\/BoxIter-IIII.jpeg 640w, https:\/\/www.buroperiodistico.com.mx\/wp-content\/uploads\/2026\/04\/BoxIter-IIII-300x162.jpeg 300w\" sizes=\"auto, (max-width: 640px) 100vw, 640px\" \/> <img loading=\"lazy\" decoding=\"async\" class=\"aligncenter size-full wp-image-210271\" src=\"https:\/\/www.buroperiodistico.com.mx\/wp-content\/uploads\/2026\/04\/BoxIter-III.jpeg\" alt=\"\" width=\"640\" height=\"343\" srcset=\"https:\/\/www.buroperiodistico.com.mx\/wp-content\/uploads\/2026\/04\/BoxIter-III.jpeg 640w, https:\/\/www.buroperiodistico.com.mx\/wp-content\/uploads\/2026\/04\/BoxIter-III-300x161.jpeg 300w\" sizes=\"auto, (max-width: 640px) 100vw, 640px\" \/> <img loading=\"lazy\" decoding=\"async\" class=\"aligncenter size-full wp-image-210270\" src=\"https:\/\/www.buroperiodistico.com.mx\/wp-content\/uploads\/2026\/04\/BoxIter-II.jpeg\" alt=\"\" width=\"640\" height=\"480\" srcset=\"https:\/\/www.buroperiodistico.com.mx\/wp-content\/uploads\/2026\/04\/BoxIter-II.jpeg 640w, https:\/\/www.buroperiodistico.com.mx\/wp-content\/uploads\/2026\/04\/BoxIter-II-300x225.jpeg 300w\" sizes=\"auto, (max-width: 640px) 100vw, 640px\" \/><\/p>\n","protected":false},"excerpt":{"rendered":"<p>Reynosa, Tam (27-Abril-2026).- El Alcalde Carlos Pe\u00f1a Ortiz, destac\u00f3 la participaci\u00f3n de boxeadores reynosenses en&#8230;<\/p>\n","protected":false},"author":1,"featured_media":210273,"comment_status":"closed","ping_status":"closed","sticky":false,"template":"","format":"standard","meta":{"footnotes":"","jetpack_publicize_message":"","jetpack_publicize_feature_enabled":true,"jetpack_social_post_already_shared":true,"jetpack_social_options":{"image_generator_settings":{"template":"highway","default_image_id":0,"font":"","enabled":false},"version":2}},"categories":[25,9],"tags":[],"class_list":["post-210268","post","type-post","status-publish","format-standard","has-post-thumbnail","hentry","category-portada","category-reynosa"],"jetpack_publicize_connections":[],"_links":{"self":[{"href":"https:\/\/www.buroperiodistico.com.mx\/index.php?rest_route=\/wp\/v2\/posts\/210268","targetHints":{"allow":["GET"]}}],"collection":[{"href":"https:\/\/www.buroperiodistico.com.mx\/index.php?rest_route=\/wp\/v2\/posts"}],"about":[{"href":"https:\/\/www.buroperiodistico.com.mx\/index.php?rest_route=\/wp\/v2\/types\/post"}],"author":[{"embeddable":true,"href":"https:\/\/www.buroperiodistico.com.mx\/index.php?rest_route=\/wp\/v2\/users\/1"}],"replies":[{"embeddable":true,"href":"https:\/\/www.buroperiodistico.com.mx\/index.php?rest_route=%2Fwp%2Fv2%2Fcomments&post=210268"}],"version-history":[{"count":1,"href":"https:\/\/www.buroperiodistico.com.mx\/index.php?rest_route=\/wp\/v2\/posts\/210268\/revisions"}],"predecessor-version":[{"id":210274,"href":"https:\/\/www.buroperiodistico.com.mx\/index.php?rest_route=\/wp\/v2\/posts\/210268\/revisions\/210274"}],"wp:featuredmedia":[{"embeddable":true,"href":"https:\/\/www.buroperiodistico.com.mx\/index.php?rest_route=\/wp\/v2\/media\/210273"}],"wp:attachment":[{"href":"https:\/\/www.buroperiodistico.com.mx\/index.php?rest_route=%2Fwp%2Fv2%2Fmedia&parent=210268"}],"wp:term":[{"taxonomy":"category","embeddable":true,"href":"https:\/\/www.buroperiodistico.com.mx\/index.php?rest_route=%2Fwp%2Fv2%2Fcategories&post=210268"},{"taxonomy":"post_tag","embeddable":true,"href":"https:\/\/www.buroperiodistico.com.mx\/index.php?rest_route=%2Fwp%2Fv2%2Ftags&post=210268"}],"curies":[{"name":"wp","href":"https:\/\/api.w.org\/{rel}","templated":true}]}}