{"id":210265,"date":"2026-04-27T14:14:13","date_gmt":"2026-04-27T19:14:13","guid":{"rendered":"https:\/\/www.buroperiodistico.com.mx\/?p=210265"},"modified":"2026-04-27T14:14:13","modified_gmt":"2026-04-27T19:14:13","slug":"prohiben-en-tamaulipas-cambio-de-propietario-de-vehiculos-nacionalizados","status":"publish","type":"post","link":"https:\/\/www.buroperiodistico.com.mx\/?p=210265","title":{"rendered":"PROHIBEN EN TAMAULIPAS CAMBIO DE PROPIETARIO DE VEHICULOS NACIONALIZADOS\u00a0"},"content":{"rendered":"<div><em><strong><img loading=\"lazy\" decoding=\"async\" class=\" wp-image-210266 alignright\" src=\"https:\/\/www.buroperiodistico.com.mx\/wp-content\/uploads\/2026\/04\/Prohibex.jpg\" alt=\"\" width=\"496\" height=\"319\" srcset=\"https:\/\/www.buroperiodistico.com.mx\/wp-content\/uploads\/2026\/04\/Prohibex.jpg 1024w, https:\/\/www.buroperiodistico.com.mx\/wp-content\/uploads\/2026\/04\/Prohibex-300x193.jpg 300w, https:\/\/www.buroperiodistico.com.mx\/wp-content\/uploads\/2026\/04\/Prohibex-768x494.jpg 768w\" sizes=\"auto, (max-width: 496px) 100vw, 496px\" \/>REYNOSA, TAM (27-Abril-2026).-<\/strong><\/em> El gobierno de Tamaulipas a trav\u00e9s de las Oficinas Fiscales est\u00e1n rechazando los tr\u00e1mites de cambio de propietario de los veh\u00edculos \u201cchocolate\u201d que fueron nacionalizados por decreto presidencial, revel\u00f3 Marcelo Ol\u00e1n Mendoza, jefe de las Oficinas Fiscales del Estado.<\/div>\n<div><\/div>\n<div>\u201cEl objetivo del decreto es beneficiar a la gente que\u00a0le\u00a0da uso familiar a las unidades, para que no le costara mucho se fij\u00f3 la tarifa \u00fanica de nacionalizaci\u00f3n en dos mil 500 pesos\u201d, explic\u00f3.<\/div>\n<div><\/div>\n<div>El programa busc\u00f3 ayudar a las familias d\u00e1ndoles certeza jur\u00eddica, pero no busca crear un mercado lucrando con la venta de estos veh\u00edculos, aclar\u00f3.<\/div>\n<div><\/div>\n<div>\u201cDel tema del decreto \u2013de nacionalizaci\u00f3n de autos americanos- se ha hecho mucha pol\u00e9mica, pero somos el \u00fanico Estado que ha cumplido\u00a0cabalmente con las instrucciones del objetivo principal del decreto\u201d, se\u00f1al\u00f3.<\/div>\n<div><\/div>\n<div>Las reglas de operaci\u00f3n del decreto son claras, remarc\u00f3, firmaban un documento bajo protesta de decir verdad, que reconoc\u00eda al veh\u00edculo como propio, para su uso personal y familiar, sin fines de lucro.<\/div>\n<div><\/div>\n<div>\u201cEntonces en el sistema de gobierno desde un principio se dijo, el motivo por el cual no puede haber cambios de propietario de estos veh\u00edculos\u201d, precis\u00f3.<\/div>\n<div><\/div>\n<div>Manifest\u00f3 que\u00a0si ya de manera independiente y como un\u00a0acuerdo civil, pueden vend\u00e9rselo a quien quieran, pero no cambia en el sistema\u00a0el propietario.<\/div>\n<div><\/div>\n<div>\u201cPueden venderlo con un acuerdo \u2013notarial-, pero en el sistema\u00a0no cambia, ya se\u00a0le\u00a0avis\u00f3 a todos los jefes de las Oficinas Fiscales que no podr\u00e1n hacerse\u00a0cambios de\u00a0propietario\u201d, enfatiz\u00f3.<\/div>\n<div><\/div>\n<div>Olan\u00a0recalc\u00f3 que el Gobierno de Tamaulipas busca evitar que los beneficiados del decreto usen sus unidades, que no las vendan por acuerdos privados, ya que legalmente el responsable del veh\u00edculo sigue\u00a0siendo el beneficiario del decreto\u201d, abund\u00f3, \u201csigue siendo el titular y si se comete un delito con el veh\u00edculo, los responsables son los titulares\u201d.<\/div>\n<div><\/div>\n<div>Ol\u00e1n revel\u00f3 que en otros estados del pa\u00eds si se permitieron cambios de\u00a0propietario,\u00a0pero la medida result\u00f3 en un desastre.<\/div>\n<div><\/div>\n<div>\u201cSon gente humilde que batallaron para hacerse de ese beneficio, por eso nosotros los exhortamos a que no se dejen enga\u00f1ar con ventas privadas, los \u00fanicos afectados ser\u00e1n ellos\u201d,\u00a0advirti\u00f3.<\/div>\n<div><\/div>\n<div>\u201cEl programa es para apoyar la econom\u00eda familiar, no para hacer negocio\u201d,\u00a0acot\u00f3.<\/div>\n","protected":false},"excerpt":{"rendered":"<p>REYNOSA, TAM (27-Abril-2026).- El gobierno de Tamaulipas a trav\u00e9s de las Oficinas Fiscales est\u00e1n rechazando&#8230;<\/p>\n","protected":false},"author":1,"featured_media":210266,"comment_status":"closed","ping_status":"closed","sticky":false,"template":"","format":"standard","meta":{"footnotes":"","jetpack_publicize_message":"","jetpack_publicize_feature_enabled":true,"jetpack_social_post_already_shared":true,"jetpack_social_options":{"image_generator_settings":{"template":"highway","default_image_id":0,"font":"","enabled":false},"version":2}},"categories":[9],"tags":[],"class_list":["post-210265","post","type-post","status-publish","format-standard","has-post-thumbnail","hentry","category-reynosa"],"jetpack_publicize_connections":[],"_links":{"self":[{"href":"https:\/\/www.buroperiodistico.com.mx\/index.php?rest_route=\/wp\/v2\/posts\/210265","targetHints":{"allow":["GET"]}}],"collection":[{"href":"https:\/\/www.buroperiodistico.com.mx\/index.php?rest_route=\/wp\/v2\/posts"}],"about":[{"href":"https:\/\/www.buroperiodistico.com.mx\/index.php?rest_route=\/wp\/v2\/types\/post"}],"author":[{"embeddable":true,"href":"https:\/\/www.buroperiodistico.com.mx\/index.php?rest_route=\/wp\/v2\/users\/1"}],"replies":[{"embeddable":true,"href":"https:\/\/www.buroperiodistico.com.mx\/index.php?rest_route=%2Fwp%2Fv2%2Fcomments&post=210265"}],"version-history":[{"count":1,"href":"https:\/\/www.buroperiodistico.com.mx\/index.php?rest_route=\/wp\/v2\/posts\/210265\/revisions"}],"predecessor-version":[{"id":210267,"href":"https:\/\/www.buroperiodistico.com.mx\/index.php?rest_route=\/wp\/v2\/posts\/210265\/revisions\/210267"}],"wp:featuredmedia":[{"embeddable":true,"href":"https:\/\/www.buroperiodistico.com.mx\/index.php?rest_route=\/wp\/v2\/media\/210266"}],"wp:attachment":[{"href":"https:\/\/www.buroperiodistico.com.mx\/index.php?rest_route=%2Fwp%2Fv2%2Fmedia&parent=210265"}],"wp:term":[{"taxonomy":"category","embeddable":true,"href":"https:\/\/www.buroperiodistico.com.mx\/index.php?rest_route=%2Fwp%2Fv2%2Fcategories&post=210265"},{"taxonomy":"post_tag","embeddable":true,"href":"https:\/\/www.buroperiodistico.com.mx\/index.php?rest_route=%2Fwp%2Fv2%2Ftags&post=210265"}],"curies":[{"name":"wp","href":"https:\/\/api.w.org\/{rel}","templated":true}]}}