{"id":210253,"date":"2026-04-27T13:37:53","date_gmt":"2026-04-27T18:37:53","guid":{"rendered":"https:\/\/www.buroperiodistico.com.mx\/?p=210253"},"modified":"2026-04-27T13:37:53","modified_gmt":"2026-04-27T18:37:53","slug":"invita-gobierno-de-carlos-pena-ortiz-a-exposicion-de-pintura-y-escultura-infantil","status":"publish","type":"post","link":"https:\/\/www.buroperiodistico.com.mx\/?p=210253","title":{"rendered":"Invita Gobierno de Carlos Pe\u00f1a Ortiz a exposici\u00f3n de pintura y escultura infantil"},"content":{"rendered":"<p><em><strong>Reynosa, Tam (27-Abril-2026).-<\/strong><\/em> El Gobierno de Reynosa, que preside el Alcalde Carlos Pe\u00f1a Ortiz, invita este martes 28 de abril a la inauguraci\u00f3n de la exposici\u00f3n del Colectivo de Artes Pl\u00e1sticas Infantil del Instituto Reynosense para la Cultura y las Artes, que se llevar\u00e1 a cabo a las 7:00 P. M. en el Museo Hist\u00f3rico Reynosa.<\/p>\n<p>Partiendo de la premisa de que el arte es un puente de colores que conecta a las infancias con su mundo interior, esta muestra se presenta como un espacio donde los ni\u00f1os logran plasmar sentimientos, sue\u00f1os y recuerdos que a veces no encuentran lugar en las palabras, reafirmando que crear es un acto natural y que la imaginaci\u00f3n no tiene l\u00edmites.<\/p>\n<p>A cargo del Maestro Pedro David P\u00e9rez Rodr\u00edguez, los integrantes del Colectivo invitan a su mundo creativo compuesto por 20 cuadros y siete esculturas, obras en las que a trav\u00e9s de pinceladas y el modelado en arcilla o cart\u00f3n, los peque\u00f1os artistas han transformado sus miedos y alegr\u00edas en piezas llenas de vida.<\/p>\n<p>La primera autoridad municipal mantiene su compromiso con el fomento a la cultura, invitando a dejarse inspirar por la creatividad de esta nueva generaci\u00f3n de talentos reynosenses.<\/p>\n<p>#ReynosaImparable #Reynosa #Tamaulipas<\/p>\n<p><img loading=\"lazy\" decoding=\"async\" class=\"aligncenter  wp-image-210254\" src=\"https:\/\/www.buroperiodistico.com.mx\/wp-content\/uploads\/2026\/04\/DIFx-5.jpg\" alt=\"\" width=\"881\" height=\"476\" srcset=\"https:\/\/www.buroperiodistico.com.mx\/wp-content\/uploads\/2026\/04\/DIFx-5.jpg 1110w, https:\/\/www.buroperiodistico.com.mx\/wp-content\/uploads\/2026\/04\/DIFx-5-300x162.jpg 300w, https:\/\/www.buroperiodistico.com.mx\/wp-content\/uploads\/2026\/04\/DIFx-5-1024x554.jpg 1024w, https:\/\/www.buroperiodistico.com.mx\/wp-content\/uploads\/2026\/04\/DIFx-5-768x415.jpg 768w\" sizes=\"auto, (max-width: 881px) 100vw, 881px\" \/><\/p>\n","protected":false},"excerpt":{"rendered":"<p>Reynosa, Tam (27-Abril-2026).- El Gobierno de Reynosa, que preside el Alcalde Carlos Pe\u00f1a Ortiz, invita&#8230;<\/p>\n","protected":false},"author":1,"featured_media":210254,"comment_status":"closed","ping_status":"closed","sticky":false,"template":"","format":"standard","meta":{"footnotes":"","jetpack_publicize_message":"","jetpack_publicize_feature_enabled":true,"jetpack_social_post_already_shared":true,"jetpack_social_options":{"image_generator_settings":{"template":"highway","default_image_id":0,"font":"","enabled":false},"version":2}},"categories":[9],"tags":[],"class_list":["post-210253","post","type-post","status-publish","format-standard","has-post-thumbnail","hentry","category-reynosa"],"jetpack_publicize_connections":[],"_links":{"self":[{"href":"https:\/\/www.buroperiodistico.com.mx\/index.php?rest_route=\/wp\/v2\/posts\/210253","targetHints":{"allow":["GET"]}}],"collection":[{"href":"https:\/\/www.buroperiodistico.com.mx\/index.php?rest_route=\/wp\/v2\/posts"}],"about":[{"href":"https:\/\/www.buroperiodistico.com.mx\/index.php?rest_route=\/wp\/v2\/types\/post"}],"author":[{"embeddable":true,"href":"https:\/\/www.buroperiodistico.com.mx\/index.php?rest_route=\/wp\/v2\/users\/1"}],"replies":[{"embeddable":true,"href":"https:\/\/www.buroperiodistico.com.mx\/index.php?rest_route=%2Fwp%2Fv2%2Fcomments&post=210253"}],"version-history":[{"count":1,"href":"https:\/\/www.buroperiodistico.com.mx\/index.php?rest_route=\/wp\/v2\/posts\/210253\/revisions"}],"predecessor-version":[{"id":210255,"href":"https:\/\/www.buroperiodistico.com.mx\/index.php?rest_route=\/wp\/v2\/posts\/210253\/revisions\/210255"}],"wp:featuredmedia":[{"embeddable":true,"href":"https:\/\/www.buroperiodistico.com.mx\/index.php?rest_route=\/wp\/v2\/media\/210254"}],"wp:attachment":[{"href":"https:\/\/www.buroperiodistico.com.mx\/index.php?rest_route=%2Fwp%2Fv2%2Fmedia&parent=210253"}],"wp:term":[{"taxonomy":"category","embeddable":true,"href":"https:\/\/www.buroperiodistico.com.mx\/index.php?rest_route=%2Fwp%2Fv2%2Fcategories&post=210253"},{"taxonomy":"post_tag","embeddable":true,"href":"https:\/\/www.buroperiodistico.com.mx\/index.php?rest_route=%2Fwp%2Fv2%2Ftags&post=210253"}],"curies":[{"name":"wp","href":"https:\/\/api.w.org\/{rel}","templated":true}]}}