{"id":210249,"date":"2026-04-27T12:11:28","date_gmt":"2026-04-27T17:11:28","guid":{"rendered":"https:\/\/www.buroperiodistico.com.mx\/?p=210249"},"modified":"2026-04-27T12:11:28","modified_gmt":"2026-04-27T17:11:28","slug":"trabaja-gobierno-de-reynosa-a-la-par-de-la-comapa-en-desazolve-del-drenaje-sanitario","status":"publish","type":"post","link":"https:\/\/www.buroperiodistico.com.mx\/?p=210249","title":{"rendered":"Trabaja Gobierno de Reynosa a la par de la COMAPA en desazolve del drenaje sanitario"},"content":{"rendered":"<p><em><strong><img loading=\"lazy\" decoding=\"async\" class=\" wp-image-210251 alignright\" src=\"https:\/\/www.buroperiodistico.com.mx\/wp-content\/uploads\/2026\/04\/Comcpz.jpeg\" alt=\"\" width=\"488\" height=\"320\" srcset=\"https:\/\/www.buroperiodistico.com.mx\/wp-content\/uploads\/2026\/04\/Comcpz.jpeg 1024w, https:\/\/www.buroperiodistico.com.mx\/wp-content\/uploads\/2026\/04\/Comcpz-300x197.jpeg 300w, https:\/\/www.buroperiodistico.com.mx\/wp-content\/uploads\/2026\/04\/Comcpz-768x504.jpeg 768w\" sizes=\"auto, (max-width: 488px) 100vw, 488px\" \/>Reynosa, Tam (27-Abril-2026).-<\/strong><\/em> El Presidente Municipal coordin\u00f3 con la Secretar\u00eda de Obras P\u00fablicas trabajo de desazolve que se realiza desde la ma\u00f1ana de hoy lunes 27 de abril, con la finalidad de mejorar la eficiencia en la red de aguas residuales.<\/p>\n<p>Vactor en tu Colonia esta trabajando en:<br \/>\nHacienda las Fuentes<br \/>\nLa Cima<br \/>\nCampestre<br \/>\nBalcones Sector 2<br \/>\nAlmaguer<br \/>\nLampacitos<br \/>\nValle Soleado<br \/>\nTerranova<br \/>\nRinc\u00f3n de las Flores<br \/>\nCa\u00f1ada<br \/>\nSan Valent\u00edn<br \/>\nVista Hermosa<\/p>\n<p>A la par de la labor de la COMAPA de Reynosa el Gobierno Municipal atiende y soluciona las deficiencias que la red presenta, para mejorar la calidad de vida de todos los reynosenses.<\/p>\n<p>#ReynosaImparable<br \/>\n#GobiernoMunicipalDeReynosa<\/p>\n<p><img loading=\"lazy\" decoding=\"async\" class=\"aligncenter size-full wp-image-210250\" src=\"https:\/\/www.buroperiodistico.com.mx\/wp-content\/uploads\/2026\/04\/Comcpz-I.jpeg\" alt=\"\" width=\"640\" height=\"396\" srcset=\"https:\/\/www.buroperiodistico.com.mx\/wp-content\/uploads\/2026\/04\/Comcpz-I.jpeg 640w, https:\/\/www.buroperiodistico.com.mx\/wp-content\/uploads\/2026\/04\/Comcpz-I-300x186.jpeg 300w\" sizes=\"auto, (max-width: 640px) 100vw, 640px\" \/><\/p>\n","protected":false},"excerpt":{"rendered":"<p>Reynosa, Tam (27-Abril-2026).- El Presidente Municipal coordin\u00f3 con la Secretar\u00eda de Obras P\u00fablicas trabajo de&#8230;<\/p>\n","protected":false},"author":1,"featured_media":210251,"comment_status":"closed","ping_status":"closed","sticky":false,"template":"","format":"standard","meta":{"footnotes":"","jetpack_publicize_message":"","jetpack_publicize_feature_enabled":true,"jetpack_social_post_already_shared":true,"jetpack_social_options":{"image_generator_settings":{"template":"highway","default_image_id":0,"font":"","enabled":false},"version":2}},"categories":[9],"tags":[],"class_list":["post-210249","post","type-post","status-publish","format-standard","has-post-thumbnail","hentry","category-reynosa"],"jetpack_publicize_connections":[],"_links":{"self":[{"href":"https:\/\/www.buroperiodistico.com.mx\/index.php?rest_route=\/wp\/v2\/posts\/210249","targetHints":{"allow":["GET"]}}],"collection":[{"href":"https:\/\/www.buroperiodistico.com.mx\/index.php?rest_route=\/wp\/v2\/posts"}],"about":[{"href":"https:\/\/www.buroperiodistico.com.mx\/index.php?rest_route=\/wp\/v2\/types\/post"}],"author":[{"embeddable":true,"href":"https:\/\/www.buroperiodistico.com.mx\/index.php?rest_route=\/wp\/v2\/users\/1"}],"replies":[{"embeddable":true,"href":"https:\/\/www.buroperiodistico.com.mx\/index.php?rest_route=%2Fwp%2Fv2%2Fcomments&post=210249"}],"version-history":[{"count":1,"href":"https:\/\/www.buroperiodistico.com.mx\/index.php?rest_route=\/wp\/v2\/posts\/210249\/revisions"}],"predecessor-version":[{"id":210252,"href":"https:\/\/www.buroperiodistico.com.mx\/index.php?rest_route=\/wp\/v2\/posts\/210249\/revisions\/210252"}],"wp:featuredmedia":[{"embeddable":true,"href":"https:\/\/www.buroperiodistico.com.mx\/index.php?rest_route=\/wp\/v2\/media\/210251"}],"wp:attachment":[{"href":"https:\/\/www.buroperiodistico.com.mx\/index.php?rest_route=%2Fwp%2Fv2%2Fmedia&parent=210249"}],"wp:term":[{"taxonomy":"category","embeddable":true,"href":"https:\/\/www.buroperiodistico.com.mx\/index.php?rest_route=%2Fwp%2Fv2%2Fcategories&post=210249"},{"taxonomy":"post_tag","embeddable":true,"href":"https:\/\/www.buroperiodistico.com.mx\/index.php?rest_route=%2Fwp%2Fv2%2Ftags&post=210249"}],"curies":[{"name":"wp","href":"https:\/\/api.w.org\/{rel}","templated":true}]}}