{"id":210244,"date":"2026-04-27T11:06:32","date_gmt":"2026-04-27T16:06:32","guid":{"rendered":"https:\/\/www.buroperiodistico.com.mx\/?p=210244"},"modified":"2026-04-27T11:06:32","modified_gmt":"2026-04-27T16:06:32","slug":"llevara-dif-reynosa-brigada-de-servicios-gratuitos-a-fuentes-del-valle","status":"publish","type":"post","link":"https:\/\/www.buroperiodistico.com.mx\/?p=210244","title":{"rendered":"Llevar\u00e1 DIF-Reynosa brigada de servicios gratuitos a Fuentes del Valle"},"content":{"rendered":"<p><em><strong>Reynosa, Tam (27-Abril-2026).-<\/strong><\/em> Con el objetivo de acercar apoyos y atenci\u00f3n directa a las familias, el Sistema DIF-Reynosa que preside Carlos Luis Pe\u00f1a Garza, realizar\u00e1 la brigada \u201cDIF en Tu Colonia\u201d este martes 28 de abril en la colonia Fuentes del Valle, donde se ofrecer\u00e1n diversos servicios de manera gratuita.<\/p>\n<p>La jornada se llevar\u00e1 a cabo en el \u00e1rea verde ubicada en calle Vista Alegre, entre Fuente de Trevi Norte y R\u00edo Elva Sur, donde el organismo de asistencia social brindar\u00e1 atenci\u00f3n a la ciudadan\u00eda con programas y servicios enfocados en la salud, alimentarios, productos de limpieza, atenci\u00f3n jur\u00eddica, aparatos funcionales y muchos m\u00e1s, as\u00ed como atenci\u00f3n de COMAPA y Bienestar Animal.<\/p>\n<p>Con apoyo del Alcalde, Carlos Pe\u00f1a Ortiz, las brigadas \u00abDIF en Tu Colonia\u00bb, buscan facilitar el acceso a servicios, especialmente para quienes tienen dificultades para trasladarse, reiterando el compromiso de trabajar cerca de la comunidad y atender las necesidades de la poblaci\u00f3n.<\/p>\n<p><img loading=\"lazy\" decoding=\"async\" class=\"aligncenter  wp-image-210245\" src=\"https:\/\/www.buroperiodistico.com.mx\/wp-content\/uploads\/2026\/04\/DIfx-4.jpg\" alt=\"\" width=\"1005\" height=\"543\" srcset=\"https:\/\/www.buroperiodistico.com.mx\/wp-content\/uploads\/2026\/04\/DIfx-4.jpg 1110w, https:\/\/www.buroperiodistico.com.mx\/wp-content\/uploads\/2026\/04\/DIfx-4-300x162.jpg 300w, https:\/\/www.buroperiodistico.com.mx\/wp-content\/uploads\/2026\/04\/DIfx-4-1024x554.jpg 1024w, https:\/\/www.buroperiodistico.com.mx\/wp-content\/uploads\/2026\/04\/DIfx-4-768x415.jpg 768w\" sizes=\"auto, (max-width: 1005px) 100vw, 1005px\" \/><\/p>\n","protected":false},"excerpt":{"rendered":"<p>Reynosa, Tam (27-Abril-2026).- Con el objetivo de acercar apoyos y atenci\u00f3n directa a las familias,&#8230;<\/p>\n","protected":false},"author":1,"featured_media":210245,"comment_status":"closed","ping_status":"closed","sticky":false,"template":"","format":"standard","meta":{"footnotes":"","jetpack_publicize_message":"","jetpack_publicize_feature_enabled":true,"jetpack_social_post_already_shared":true,"jetpack_social_options":{"image_generator_settings":{"template":"highway","default_image_id":0,"font":"","enabled":false},"version":2}},"categories":[9],"tags":[],"class_list":["post-210244","post","type-post","status-publish","format-standard","has-post-thumbnail","hentry","category-reynosa"],"jetpack_publicize_connections":[],"_links":{"self":[{"href":"https:\/\/www.buroperiodistico.com.mx\/index.php?rest_route=\/wp\/v2\/posts\/210244","targetHints":{"allow":["GET"]}}],"collection":[{"href":"https:\/\/www.buroperiodistico.com.mx\/index.php?rest_route=\/wp\/v2\/posts"}],"about":[{"href":"https:\/\/www.buroperiodistico.com.mx\/index.php?rest_route=\/wp\/v2\/types\/post"}],"author":[{"embeddable":true,"href":"https:\/\/www.buroperiodistico.com.mx\/index.php?rest_route=\/wp\/v2\/users\/1"}],"replies":[{"embeddable":true,"href":"https:\/\/www.buroperiodistico.com.mx\/index.php?rest_route=%2Fwp%2Fv2%2Fcomments&post=210244"}],"version-history":[{"count":1,"href":"https:\/\/www.buroperiodistico.com.mx\/index.php?rest_route=\/wp\/v2\/posts\/210244\/revisions"}],"predecessor-version":[{"id":210246,"href":"https:\/\/www.buroperiodistico.com.mx\/index.php?rest_route=\/wp\/v2\/posts\/210244\/revisions\/210246"}],"wp:featuredmedia":[{"embeddable":true,"href":"https:\/\/www.buroperiodistico.com.mx\/index.php?rest_route=\/wp\/v2\/media\/210245"}],"wp:attachment":[{"href":"https:\/\/www.buroperiodistico.com.mx\/index.php?rest_route=%2Fwp%2Fv2%2Fmedia&parent=210244"}],"wp:term":[{"taxonomy":"category","embeddable":true,"href":"https:\/\/www.buroperiodistico.com.mx\/index.php?rest_route=%2Fwp%2Fv2%2Fcategories&post=210244"},{"taxonomy":"post_tag","embeddable":true,"href":"https:\/\/www.buroperiodistico.com.mx\/index.php?rest_route=%2Fwp%2Fv2%2Ftags&post=210244"}],"curies":[{"name":"wp","href":"https:\/\/api.w.org\/{rel}","templated":true}]}}