{"id":210215,"date":"2026-04-26T20:52:57","date_gmt":"2026-04-27T01:52:57","guid":{"rendered":"https:\/\/www.buroperiodistico.com.mx\/?p=210215"},"modified":"2026-04-26T20:52:57","modified_gmt":"2026-04-27T01:52:57","slug":"lo-que-prometemos-lo-cumplimos-americo","status":"publish","type":"post","link":"https:\/\/www.buroperiodistico.com.mx\/?p=210215","title":{"rendered":"Lo que prometemos, lo cumplimos: Am\u00e9rico"},"content":{"rendered":"<ul>\n<li><strong><em>Durante la emisi\u00f3n del programa en Radio Tamaulipas destac\u00f3 obras portuarias y de movilidad<\/em><\/strong><\/li>\n<\/ul>\n<p><strong><img loading=\"lazy\" decoding=\"async\" class=\" wp-image-210217 alignright\" src=\"https:\/\/www.buroperiodistico.com.mx\/wp-content\/uploads\/2026\/04\/Loqueprometemos-rotated.jpeg\" alt=\"\" width=\"246\" height=\"259\" srcset=\"https:\/\/www.buroperiodistico.com.mx\/wp-content\/uploads\/2026\/04\/Loqueprometemos-rotated.jpeg 768w, https:\/\/www.buroperiodistico.com.mx\/wp-content\/uploads\/2026\/04\/Loqueprometemos-285x300.jpeg 285w\" sizes=\"auto, (max-width: 246px) 100vw, 246px\" \/>Ciudad Victoria, Tamaulipas (26-Abril-2026).-<\/strong> Durante la segunda emisi\u00f3n de la serie Obras que Transforman Tamaulipas, del programa \u00abDi\u00e1logos con Am\u00e9rico\u00bb, el gobernador Am\u00e9rico Villarreal Anaya destac\u00f3 el desarrollo del Puerto del Norte en Matamoros, la Agencia Nacional de Aduanas en Nuevo Laredo, el Puerto Interior Multimodal en Victoria y la modernizaci\u00f3n del transporte p\u00fablico.<\/p>\n<p>La tarde de este domingo, a trav\u00e9s de la se\u00f1al de Radio Tamaulipas Multicast, el gobernador del Estado asegur\u00f3 que todos estos proyectos est\u00e1n planeados y orientados a favorecer el desarrollo social de Tamaulipas y que todas estas acciones se traduzcan en desarrollo y bienestar para las y los tamaulipecos.<\/p>\n<p>\u00abEl compromiso es que todo lo que prometemos lo cumplimos\u00bb, afirm\u00f3 en respuesta a la participaci\u00f3n de la audiencia.<\/p>\n<p>Al referirse al Puerto del Norte, indic\u00f3 que luego de m\u00e1s de 22 a\u00f1os, la nueva aduana mar\u00edtima de Tamaulipas es ya una realidad, \u00abes un puerto hecho y derecho; es una realidad\u00bb, expres\u00f3 y reiter\u00f3 que esta obra abre nuevas rutas al comercio, fortalece la conexi\u00f3n con mercados globales y ampl\u00eda las capacidades del estado para atraer mejores inversiones y la generaci\u00f3n de m\u00e1s empleos.<\/p>\n<p>Sobre la Agencia Nacional de Aduanas de M\u00e9xico, que requiri\u00f3 una inversi\u00f3n de m\u00e1s de 4,500 mdp, en Nuevo Laredo, Am\u00e9rico Villarreal expres\u00f3 que la nueva sede de la ANAM es el reconocimiento a Tamaulipas como eje del comercio internacional de M\u00e9xico, fortalece su papel en el desarrollo log\u00edstico y su capacidad operativa y coordinaci\u00f3n para el comercio exterior.<\/p>\n<p>Respecto al Puerto Interior en Ciudad Victoria, afirm\u00f3 que este proyecto en un \u00e1rea de 1,332 hect\u00e1reas de propiedad estatal permitir\u00e1 integrar al centro del estado a una nueva din\u00e1mica de crecimiento y desarrollo y posicionar a la capital como punto estrat\u00e9gico para la industria, abriendo la puerta a la instalaci\u00f3n de empresas y detonar el crecimiento regional.<\/p>\n<p>Para finalizar, expuso que ya se dio el primer paso para la modernizaci\u00f3n del transporte p\u00fablico con la presentaci\u00f3n de las seis unidades de la ruta Conecta, las cuales son m\u00e1s eficientes, con mejor rendimiento, generan menos contaminaci\u00f3n y ofrecen un transporte m\u00e1s digno a las y los tamaulipecos.<\/p>\n<p>Agreg\u00f3 que esta ruta se ampliar\u00e1 a Reynosa y a la zona conurbada del sur, como parte del desarrollo de todo un proyecto para eficientizar la movilidad en Tampico, Madero y Altamira, \u00abestoy seguro de que lo podemos consolidar en esta administraci\u00f3n\u00bb, afirm\u00f3.<\/p>\n<p><img loading=\"lazy\" decoding=\"async\" class=\"aligncenter size-full wp-image-210216\" src=\"https:\/\/www.buroperiodistico.com.mx\/wp-content\/uploads\/2026\/04\/Loqueprometemos-I.png\" alt=\"\" width=\"640\" height=\"360\" srcset=\"https:\/\/www.buroperiodistico.com.mx\/wp-content\/uploads\/2026\/04\/Loqueprometemos-I.png 640w, https:\/\/www.buroperiodistico.com.mx\/wp-content\/uploads\/2026\/04\/Loqueprometemos-I-300x169.png 300w\" sizes=\"auto, (max-width: 640px) 100vw, 640px\" \/><\/p>\n","protected":false},"excerpt":{"rendered":"<p>Durante la emisi\u00f3n del programa en Radio Tamaulipas destac\u00f3 obras portuarias y de movilidad Ciudad&#8230;<\/p>\n","protected":false},"author":1,"featured_media":210217,"comment_status":"closed","ping_status":"closed","sticky":false,"template":"","format":"standard","meta":{"footnotes":"","jetpack_publicize_message":"","jetpack_publicize_feature_enabled":true,"jetpack_social_post_already_shared":true,"jetpack_social_options":{"image_generator_settings":{"template":"highway","default_image_id":0,"font":"","enabled":false},"version":2}},"categories":[25,10],"tags":[],"class_list":["post-210215","post","type-post","status-publish","format-standard","has-post-thumbnail","hentry","category-portada","category-tamaulipas"],"jetpack_publicize_connections":[],"_links":{"self":[{"href":"https:\/\/www.buroperiodistico.com.mx\/index.php?rest_route=\/wp\/v2\/posts\/210215","targetHints":{"allow":["GET"]}}],"collection":[{"href":"https:\/\/www.buroperiodistico.com.mx\/index.php?rest_route=\/wp\/v2\/posts"}],"about":[{"href":"https:\/\/www.buroperiodistico.com.mx\/index.php?rest_route=\/wp\/v2\/types\/post"}],"author":[{"embeddable":true,"href":"https:\/\/www.buroperiodistico.com.mx\/index.php?rest_route=\/wp\/v2\/users\/1"}],"replies":[{"embeddable":true,"href":"https:\/\/www.buroperiodistico.com.mx\/index.php?rest_route=%2Fwp%2Fv2%2Fcomments&post=210215"}],"version-history":[{"count":1,"href":"https:\/\/www.buroperiodistico.com.mx\/index.php?rest_route=\/wp\/v2\/posts\/210215\/revisions"}],"predecessor-version":[{"id":210218,"href":"https:\/\/www.buroperiodistico.com.mx\/index.php?rest_route=\/wp\/v2\/posts\/210215\/revisions\/210218"}],"wp:featuredmedia":[{"embeddable":true,"href":"https:\/\/www.buroperiodistico.com.mx\/index.php?rest_route=\/wp\/v2\/media\/210217"}],"wp:attachment":[{"href":"https:\/\/www.buroperiodistico.com.mx\/index.php?rest_route=%2Fwp%2Fv2%2Fmedia&parent=210215"}],"wp:term":[{"taxonomy":"category","embeddable":true,"href":"https:\/\/www.buroperiodistico.com.mx\/index.php?rest_route=%2Fwp%2Fv2%2Fcategories&post=210215"},{"taxonomy":"post_tag","embeddable":true,"href":"https:\/\/www.buroperiodistico.com.mx\/index.php?rest_route=%2Fwp%2Fv2%2Ftags&post=210215"}],"curies":[{"name":"wp","href":"https:\/\/api.w.org\/{rel}","templated":true}]}}