{"id":210210,"date":"2026-04-26T20:42:37","date_gmt":"2026-04-27T01:42:37","guid":{"rendered":"https:\/\/www.buroperiodistico.com.mx\/?p=210210"},"modified":"2026-04-26T20:42:37","modified_gmt":"2026-04-27T01:42:37","slug":"pronostican-servicios-de-meteorologia-una-semana-calurosa-para-reynosa","status":"publish","type":"post","link":"https:\/\/www.buroperiodistico.com.mx\/?p=210210","title":{"rendered":"Pronostican servicios de meteorolog\u00eda una semana calurosa para Reynosa"},"content":{"rendered":"<p><em><strong><img loading=\"lazy\" decoding=\"async\" class=\" wp-image-210211 alignright\" src=\"https:\/\/www.buroperiodistico.com.mx\/wp-content\/uploads\/2026\/04\/SEMNx.jpg\" alt=\"\" width=\"648\" height=\"350\" srcset=\"https:\/\/www.buroperiodistico.com.mx\/wp-content\/uploads\/2026\/04\/SEMNx.jpg 1110w, https:\/\/www.buroperiodistico.com.mx\/wp-content\/uploads\/2026\/04\/SEMNx-300x162.jpg 300w, https:\/\/www.buroperiodistico.com.mx\/wp-content\/uploads\/2026\/04\/SEMNx-1024x554.jpg 1024w, https:\/\/www.buroperiodistico.com.mx\/wp-content\/uploads\/2026\/04\/SEMNx-768x415.jpg 768w\" sizes=\"auto, (max-width: 648px) 100vw, 648px\" \/>Reynosa, Tam (26-Abril-2026).-<\/strong><\/em> El Gobierno Municipal de Reynosa recomienda a la poblaci\u00f3n mantenerse hidratada durante la semana calurosa que inici\u00f3 este domingo 26 de abril y tomar medidas de prevenci\u00f3n por la posibilidad de lluvias aisladas; la Coordinaci\u00f3n de Protecci\u00f3n Civil y Bomberos est\u00e1 pendiente de las necesidades de las familias reynosenses por cuesti\u00f3n del clima.<\/p>\n<p>Despu\u00e9s de que este domingo fue un d\u00eda nublado con hasta 34\u00b0 Grados Celsius, y de acuerdo a los servicios de meteorolog\u00eda est\u00e1 regi\u00f3n vivir\u00e1 un lunes 27 con probabilidad de temperaturas m\u00e1xima y m\u00ednima de 36\u00b0 y 25\u00b0 Cent\u00edgrados y m\u00e1s de 20% en lluvia.<\/p>\n<p>Para el d\u00eda martes 28 se prev\u00e9 probabilidad de lluvia del 20% adem\u00e1s de temperatura m\u00e1xima de hasta 38\u00b0 Cent\u00edgrados con m\u00ednima de 24\u00b0, y el mi\u00e9rcoles 29 sin probabilidad de precipitaci\u00f3n pluvial se esperan 37\u00b0 y 24\u00b0 Cent\u00edgrados como m\u00e1xima y m\u00ednima.<\/p>\n<p>#ReynosaImparable<br \/>\n#GobiernoMunicipalDeReynosa<\/p>\n","protected":false},"excerpt":{"rendered":"<p>Reynosa, Tam (26-Abril-2026).- El Gobierno Municipal de Reynosa recomienda a la poblaci\u00f3n mantenerse hidratada durante&#8230;<\/p>\n","protected":false},"author":1,"featured_media":210211,"comment_status":"closed","ping_status":"closed","sticky":false,"template":"","format":"standard","meta":{"footnotes":"","jetpack_publicize_message":"","jetpack_publicize_feature_enabled":true,"jetpack_social_post_already_shared":true,"jetpack_social_options":{"image_generator_settings":{"template":"highway","default_image_id":0,"font":"","enabled":false},"version":2}},"categories":[25,9],"tags":[],"class_list":["post-210210","post","type-post","status-publish","format-standard","has-post-thumbnail","hentry","category-portada","category-reynosa"],"jetpack_publicize_connections":[],"_links":{"self":[{"href":"https:\/\/www.buroperiodistico.com.mx\/index.php?rest_route=\/wp\/v2\/posts\/210210","targetHints":{"allow":["GET"]}}],"collection":[{"href":"https:\/\/www.buroperiodistico.com.mx\/index.php?rest_route=\/wp\/v2\/posts"}],"about":[{"href":"https:\/\/www.buroperiodistico.com.mx\/index.php?rest_route=\/wp\/v2\/types\/post"}],"author":[{"embeddable":true,"href":"https:\/\/www.buroperiodistico.com.mx\/index.php?rest_route=\/wp\/v2\/users\/1"}],"replies":[{"embeddable":true,"href":"https:\/\/www.buroperiodistico.com.mx\/index.php?rest_route=%2Fwp%2Fv2%2Fcomments&post=210210"}],"version-history":[{"count":1,"href":"https:\/\/www.buroperiodistico.com.mx\/index.php?rest_route=\/wp\/v2\/posts\/210210\/revisions"}],"predecessor-version":[{"id":210212,"href":"https:\/\/www.buroperiodistico.com.mx\/index.php?rest_route=\/wp\/v2\/posts\/210210\/revisions\/210212"}],"wp:featuredmedia":[{"embeddable":true,"href":"https:\/\/www.buroperiodistico.com.mx\/index.php?rest_route=\/wp\/v2\/media\/210211"}],"wp:attachment":[{"href":"https:\/\/www.buroperiodistico.com.mx\/index.php?rest_route=%2Fwp%2Fv2%2Fmedia&parent=210210"}],"wp:term":[{"taxonomy":"category","embeddable":true,"href":"https:\/\/www.buroperiodistico.com.mx\/index.php?rest_route=%2Fwp%2Fv2%2Fcategories&post=210210"},{"taxonomy":"post_tag","embeddable":true,"href":"https:\/\/www.buroperiodistico.com.mx\/index.php?rest_route=%2Fwp%2Fv2%2Ftags&post=210210"}],"curies":[{"name":"wp","href":"https:\/\/api.w.org\/{rel}","templated":true}]}}