{"id":210207,"date":"2026-04-26T19:52:55","date_gmt":"2026-04-27T00:52:55","guid":{"rendered":"https:\/\/www.buroperiodistico.com.mx\/?p=210207"},"modified":"2026-04-26T19:52:55","modified_gmt":"2026-04-27T00:52:55","slug":"rendira-damaso-anaya-su-segundo-informe-al-frente-de-la-uat","status":"publish","type":"post","link":"https:\/\/www.buroperiodistico.com.mx\/?p=210207","title":{"rendered":"Rendir\u00e1 D\u00e1maso Anaya su Segundo Informe al frente de la UAT"},"content":{"rendered":"<p><em><strong><img loading=\"lazy\" decoding=\"async\" class=\" wp-image-210208 alignright\" src=\"https:\/\/www.buroperiodistico.com.mx\/wp-content\/uploads\/2026\/04\/UAtx-5.jpeg\" alt=\"\" width=\"539\" height=\"314\" srcset=\"https:\/\/www.buroperiodistico.com.mx\/wp-content\/uploads\/2026\/04\/UAtx-5.jpeg 1024w, https:\/\/www.buroperiodistico.com.mx\/wp-content\/uploads\/2026\/04\/UAtx-5-300x175.jpeg 300w, https:\/\/www.buroperiodistico.com.mx\/wp-content\/uploads\/2026\/04\/UAtx-5-768x447.jpeg 768w\" sizes=\"auto, (max-width: 539px) 100vw, 539px\" \/>Ciudad Victoria, Tam (26-Abril-2026).-<\/strong><\/em> El rector de la Universidad Aut\u00f3noma de Tamaulipas (UAT), D\u00e1maso Anaya Alvarado, rendir\u00e1 este mi\u00e9rcoles 29 de abril, a las 12:00 horas, su Segundo Informe de Labores, en un ejercicio de transparencia y rendici\u00f3n de cuentas en el que presentar\u00e1 a la comunidad universitaria y a la sociedad los avances alcanzados durante su administraci\u00f3n.<\/p>\n<p>En ceremonia solemne ante la Asamblea General Universitaria, el rector dar\u00e1 cuenta de los resultados y acciones en los rubros sustantivos como la consolidaci\u00f3n de la calidad acad\u00e9mica,\u00a0 diversificaci\u00f3n de la oferta educativa, el incremento de la matr\u00edcula, el impulso a programas de apoyo para estudiantes, el fortalecimiento de la infraestructura universitaria y la modernizaci\u00f3n de los espacios destinados a la ense\u00f1anza, la investigaci\u00f3n y la innovaci\u00f3n.<\/p>\n<p>Asimismo, informar\u00e1 sobre los avances en la gesti\u00f3n institucional y vinculaci\u00f3n estrat\u00e9gica, destacando las acciones encaminadas a consolidar alianzas, ampliar oportunidades de colaboraci\u00f3n y fortalecer la presencia de la UAT en el desarrollo social y productivo.<\/p>\n<p>D\u00e1maso Anaya tambi\u00e9n presentar\u00e1 resultados en materia de impulso a la formaci\u00f3n. Integral destacando la promoci\u00f3n del deporte universitario y la actividad cultural,\u00a0 asi como la implementaci\u00f3n de un modelo educativo con una visi\u00f3n humanista, reafirmando el compromiso de continuar construyendo una universidad con mayores oportunidades para sus estudiantes y una mayor contribuci\u00f3n al desarrollo del estado.<\/p>\n<p>El Segundo Informe del rector D\u00e1maso Anaya Alvarado ser\u00e1 transmitido en vivo a trav\u00e9s de los canales oficiales de la UAT, para que tanto la comunidad universitaria, como la sociedad en general puedan dar seguimiento a este importante mensaje institucional.<\/p>\n","protected":false},"excerpt":{"rendered":"<p>Ciudad Victoria, Tam (26-Abril-2026).- El rector de la Universidad Aut\u00f3noma de Tamaulipas (UAT), D\u00e1maso Anaya&#8230;<\/p>\n","protected":false},"author":1,"featured_media":210208,"comment_status":"closed","ping_status":"closed","sticky":false,"template":"","format":"standard","meta":{"footnotes":"","jetpack_publicize_message":"","jetpack_publicize_feature_enabled":true,"jetpack_social_post_already_shared":true,"jetpack_social_options":{"image_generator_settings":{"template":"highway","default_image_id":0,"font":"","enabled":false},"version":2}},"categories":[25,28],"tags":[],"class_list":["post-210207","post","type-post","status-publish","format-standard","has-post-thumbnail","hentry","category-portada","category-uat"],"jetpack_publicize_connections":[],"_links":{"self":[{"href":"https:\/\/www.buroperiodistico.com.mx\/index.php?rest_route=\/wp\/v2\/posts\/210207","targetHints":{"allow":["GET"]}}],"collection":[{"href":"https:\/\/www.buroperiodistico.com.mx\/index.php?rest_route=\/wp\/v2\/posts"}],"about":[{"href":"https:\/\/www.buroperiodistico.com.mx\/index.php?rest_route=\/wp\/v2\/types\/post"}],"author":[{"embeddable":true,"href":"https:\/\/www.buroperiodistico.com.mx\/index.php?rest_route=\/wp\/v2\/users\/1"}],"replies":[{"embeddable":true,"href":"https:\/\/www.buroperiodistico.com.mx\/index.php?rest_route=%2Fwp%2Fv2%2Fcomments&post=210207"}],"version-history":[{"count":1,"href":"https:\/\/www.buroperiodistico.com.mx\/index.php?rest_route=\/wp\/v2\/posts\/210207\/revisions"}],"predecessor-version":[{"id":210209,"href":"https:\/\/www.buroperiodistico.com.mx\/index.php?rest_route=\/wp\/v2\/posts\/210207\/revisions\/210209"}],"wp:featuredmedia":[{"embeddable":true,"href":"https:\/\/www.buroperiodistico.com.mx\/index.php?rest_route=\/wp\/v2\/media\/210208"}],"wp:attachment":[{"href":"https:\/\/www.buroperiodistico.com.mx\/index.php?rest_route=%2Fwp%2Fv2%2Fmedia&parent=210207"}],"wp:term":[{"taxonomy":"category","embeddable":true,"href":"https:\/\/www.buroperiodistico.com.mx\/index.php?rest_route=%2Fwp%2Fv2%2Fcategories&post=210207"},{"taxonomy":"post_tag","embeddable":true,"href":"https:\/\/www.buroperiodistico.com.mx\/index.php?rest_route=%2Fwp%2Fv2%2Ftags&post=210207"}],"curies":[{"name":"wp","href":"https:\/\/api.w.org\/{rel}","templated":true}]}}