{"id":210193,"date":"2026-04-26T17:03:20","date_gmt":"2026-04-26T22:03:20","guid":{"rendered":"https:\/\/www.buroperiodistico.com.mx\/?p=210193"},"modified":"2026-04-26T17:03:20","modified_gmt":"2026-04-26T22:03:20","slug":"participaron-estudiantes-reynosenses-en-jornada-nacional-de-tequios-en-espacios-naturales","status":"publish","type":"post","link":"https:\/\/www.buroperiodistico.com.mx\/?p=210193","title":{"rendered":"Participaron estudiantes reynosenses en Jornada Nacional de Tequios en Espacios Naturales"},"content":{"rendered":"<p><em><strong><img loading=\"lazy\" decoding=\"async\" class=\" wp-image-210197 alignright\" src=\"https:\/\/www.buroperiodistico.com.mx\/wp-content\/uploads\/2026\/04\/Partixix.jpeg\" alt=\"\" width=\"548\" height=\"344\" srcset=\"https:\/\/www.buroperiodistico.com.mx\/wp-content\/uploads\/2026\/04\/Partixix.jpeg 1024w, https:\/\/www.buroperiodistico.com.mx\/wp-content\/uploads\/2026\/04\/Partixix-300x188.jpeg 300w, https:\/\/www.buroperiodistico.com.mx\/wp-content\/uploads\/2026\/04\/Partixix-768x482.jpeg 768w\" sizes=\"auto, (max-width: 548px) 100vw, 548px\" \/>Reynosa, Tam (26-Abril-2026).-<\/strong><\/em> Desde el Gobierno Municipal, el Alcalde Carlos Pe\u00f1a Ortiz impuls\u00f3 en Reynosa una jornada verde en conmemoraci\u00f3n de el D\u00eda de la Tierra, por iniciativa de la Presidenta Claudia Sheinbaum Pardo, y que fue llevada a cabo en la plaza de la colonia Antonio J. Berm\u00fadez con la participaci\u00f3n del Secretario de Bienestar Social, Hugo Felipe Ch\u00e1vez Herrera.<\/p>\n<p>La \u00abJornada Nacional de Tequios en Espacios Naturales\u00bb cont\u00f3 con la participaci\u00f3n de estudiantes y directivos del CETIS 71, Universidad Tamaulipeca, ITCC, miembros del Cabildo y funcionarios municipales que en equipo realizaron actividades voluntarias para la rehabilitaci\u00f3n de este sitio p\u00fablico.<\/p>\n<p>Tequio es trabajo colectivo y voluntario en beneficio de la comunidad, un vocablo de origen N\u00e1huatl que se refiere a una labor vecinal donde cada quien aporta su trabajo para beneficio de todos, y este fue un trabajo Imparable por los reynosenses.<\/p>\n<p>#ReynosaImparable<br \/>\n#GobiernoMunicipalDeReynosa<\/p>\n<p><img loading=\"lazy\" decoding=\"async\" class=\"aligncenter size-full wp-image-210194\" src=\"https:\/\/www.buroperiodistico.com.mx\/wp-content\/uploads\/2026\/04\/Partixix-I.jpeg\" alt=\"\" width=\"640\" height=\"427\" srcset=\"https:\/\/www.buroperiodistico.com.mx\/wp-content\/uploads\/2026\/04\/Partixix-I.jpeg 640w, https:\/\/www.buroperiodistico.com.mx\/wp-content\/uploads\/2026\/04\/Partixix-I-300x200.jpeg 300w\" sizes=\"auto, (max-width: 640px) 100vw, 640px\" \/> <img loading=\"lazy\" decoding=\"async\" class=\"aligncenter size-full wp-image-210196\" src=\"https:\/\/www.buroperiodistico.com.mx\/wp-content\/uploads\/2026\/04\/Partixix-III.jpeg\" alt=\"\" width=\"640\" height=\"427\" srcset=\"https:\/\/www.buroperiodistico.com.mx\/wp-content\/uploads\/2026\/04\/Partixix-III.jpeg 640w, https:\/\/www.buroperiodistico.com.mx\/wp-content\/uploads\/2026\/04\/Partixix-III-300x200.jpeg 300w\" sizes=\"auto, (max-width: 640px) 100vw, 640px\" \/> <img loading=\"lazy\" decoding=\"async\" class=\"aligncenter size-full wp-image-210195\" src=\"https:\/\/www.buroperiodistico.com.mx\/wp-content\/uploads\/2026\/04\/Partixix-II.jpeg\" alt=\"\" width=\"640\" height=\"427\" srcset=\"https:\/\/www.buroperiodistico.com.mx\/wp-content\/uploads\/2026\/04\/Partixix-II.jpeg 640w, https:\/\/www.buroperiodistico.com.mx\/wp-content\/uploads\/2026\/04\/Partixix-II-300x200.jpeg 300w\" sizes=\"auto, (max-width: 640px) 100vw, 640px\" \/><\/p>\n","protected":false},"excerpt":{"rendered":"<p>Reynosa, Tam (26-Abril-2026).- Desde el Gobierno Municipal, el Alcalde Carlos Pe\u00f1a Ortiz impuls\u00f3 en Reynosa&#8230;<\/p>\n","protected":false},"author":1,"featured_media":210197,"comment_status":"closed","ping_status":"closed","sticky":false,"template":"","format":"standard","meta":{"footnotes":"","jetpack_publicize_message":"","jetpack_publicize_feature_enabled":true,"jetpack_social_post_already_shared":true,"jetpack_social_options":{"image_generator_settings":{"template":"highway","default_image_id":0,"font":"","enabled":false},"version":2}},"categories":[9],"tags":[],"class_list":["post-210193","post","type-post","status-publish","format-standard","has-post-thumbnail","hentry","category-reynosa"],"jetpack_publicize_connections":[],"_links":{"self":[{"href":"https:\/\/www.buroperiodistico.com.mx\/index.php?rest_route=\/wp\/v2\/posts\/210193","targetHints":{"allow":["GET"]}}],"collection":[{"href":"https:\/\/www.buroperiodistico.com.mx\/index.php?rest_route=\/wp\/v2\/posts"}],"about":[{"href":"https:\/\/www.buroperiodistico.com.mx\/index.php?rest_route=\/wp\/v2\/types\/post"}],"author":[{"embeddable":true,"href":"https:\/\/www.buroperiodistico.com.mx\/index.php?rest_route=\/wp\/v2\/users\/1"}],"replies":[{"embeddable":true,"href":"https:\/\/www.buroperiodistico.com.mx\/index.php?rest_route=%2Fwp%2Fv2%2Fcomments&post=210193"}],"version-history":[{"count":1,"href":"https:\/\/www.buroperiodistico.com.mx\/index.php?rest_route=\/wp\/v2\/posts\/210193\/revisions"}],"predecessor-version":[{"id":210198,"href":"https:\/\/www.buroperiodistico.com.mx\/index.php?rest_route=\/wp\/v2\/posts\/210193\/revisions\/210198"}],"wp:featuredmedia":[{"embeddable":true,"href":"https:\/\/www.buroperiodistico.com.mx\/index.php?rest_route=\/wp\/v2\/media\/210197"}],"wp:attachment":[{"href":"https:\/\/www.buroperiodistico.com.mx\/index.php?rest_route=%2Fwp%2Fv2%2Fmedia&parent=210193"}],"wp:term":[{"taxonomy":"category","embeddable":true,"href":"https:\/\/www.buroperiodistico.com.mx\/index.php?rest_route=%2Fwp%2Fv2%2Fcategories&post=210193"},{"taxonomy":"post_tag","embeddable":true,"href":"https:\/\/www.buroperiodistico.com.mx\/index.php?rest_route=%2Fwp%2Fv2%2Ftags&post=210193"}],"curies":[{"name":"wp","href":"https:\/\/api.w.org\/{rel}","templated":true}]}}