{"id":210187,"date":"2026-04-26T16:18:48","date_gmt":"2026-04-26T21:18:48","guid":{"rendered":"https:\/\/www.buroperiodistico.com.mx\/?p=210187"},"modified":"2026-04-26T16:18:48","modified_gmt":"2026-04-26T21:18:48","slug":"va-sectur-por-mas-promocion-diversificacion-y-conectividad","status":"publish","type":"post","link":"https:\/\/www.buroperiodistico.com.mx\/?p=210187","title":{"rendered":"Va Sectur por m\u00e1s promoci\u00f3n, diversificaci\u00f3n y conectividad"},"content":{"rendered":"<ul>\n<li><strong><em>Las 32 entidades del pa\u00eds se suman a la gu\u00eda de alineaci\u00f3n para estados y municipios PROSECTUR 2025 &#8211; 2030<\/em><\/strong><\/li>\n<\/ul>\n<p><strong><img loading=\"lazy\" decoding=\"async\" class=\" wp-image-210191 alignright\" src=\"https:\/\/www.buroperiodistico.com.mx\/wp-content\/uploads\/2026\/04\/STUconectividad.jpeg\" alt=\"\" width=\"530\" height=\"321\" srcset=\"https:\/\/www.buroperiodistico.com.mx\/wp-content\/uploads\/2026\/04\/STUconectividad.jpeg 1024w, https:\/\/www.buroperiodistico.com.mx\/wp-content\/uploads\/2026\/04\/STUconectividad-300x182.jpeg 300w, https:\/\/www.buroperiodistico.com.mx\/wp-content\/uploads\/2026\/04\/STUconectividad-768x465.jpeg 768w\" sizes=\"auto, (max-width: 530px) 100vw, 530px\" \/>Acapulco, Guerrero (26-Abril-2026).-<\/strong> Impulsando una promoci\u00f3n estrat\u00e9gica audaz, posicionando el turismo deportivo como un diversificador clave y consolidando una conectividad a\u00e9rea robusta, forjamos un modelo tur\u00edstico m\u00e1s inclusivo, competitivo y humano. Un modelo que honra nuestro pasado cultural, mientras construye un futuro pr\u00f3spero y sostenible para las pr\u00f3ximas generaciones.<\/p>\n<p>As\u00ed lo se\u00f1al\u00f3, Benjam\u00edn Hern\u00e1ndez Rodr\u00edguez, secretario de Turismo en Tamaulipas tras participar en la Conferencia Nacional de Secretarias y Secretarios de Turismo de las 32 entidades del pa\u00eds, que se realiz\u00f3 en Acapulco, Guerrero.<\/p>\n<p>En la reuni\u00f3n encabezada por la secretaria de Turismo federal, Josefina Rodr\u00edguez Zamora se abordaron temas estrat\u00e9gicos para el fortalecimiento de la actividad tur\u00edstica en el pa\u00eds, desde la revisi\u00f3n de acuerdos, la estrategia de promoci\u00f3n conjunta con entidades federativas y se present\u00f3 la gu\u00eda de alineaci\u00f3n para estados y municipios: PROSECTUR 2025 &#8211; 2030, que es el Programa Sectorial de Turismo.<\/p>\n<p>En este sentido, el titular de Turismo de Tamaulipas destac\u00f3 que todo esto se enmarca en una visi\u00f3n de turismo responsable y sostenible, impulsado por el gobernador Am\u00e9rico Villarreal Anaya, donde el crecimiento no se mide \u00fanicamente por el n\u00famero de llegadas, sino por el impacto positivo en las personas.<\/p>\n<p>\u201cQueremos un turismo que preserve la identidad de cada comunidad, que respete su patrimonio biocultural, que genere empleos dignos y que permita que las familias locales sean las principales beneficiarias de esta actividad\u201d, agreg\u00f3.<\/p>\n<p>Un turismo que construya prosperidad compartida, reduzca desigualdades y contribuya al bienestar integral de las regiones, concluy\u00f3 Benjam\u00edn Hern\u00e1ndez Rodr\u00edguez, secretario de Turismo de Tamaulipas.<\/p>\n<p><img loading=\"lazy\" decoding=\"async\" class=\"aligncenter size-full wp-image-210188\" src=\"https:\/\/www.buroperiodistico.com.mx\/wp-content\/uploads\/2026\/04\/STUconectividad-I.jpeg\" alt=\"\" width=\"640\" height=\"379\" srcset=\"https:\/\/www.buroperiodistico.com.mx\/wp-content\/uploads\/2026\/04\/STUconectividad-I.jpeg 640w, https:\/\/www.buroperiodistico.com.mx\/wp-content\/uploads\/2026\/04\/STUconectividad-I-300x178.jpeg 300w\" sizes=\"auto, (max-width: 640px) 100vw, 640px\" \/> <img loading=\"lazy\" decoding=\"async\" class=\"aligncenter size-full wp-image-210190\" src=\"https:\/\/www.buroperiodistico.com.mx\/wp-content\/uploads\/2026\/04\/STUconectividad-III.jpeg\" alt=\"\" width=\"553\" height=\"480\" srcset=\"https:\/\/www.buroperiodistico.com.mx\/wp-content\/uploads\/2026\/04\/STUconectividad-III.jpeg 553w, https:\/\/www.buroperiodistico.com.mx\/wp-content\/uploads\/2026\/04\/STUconectividad-III-300x260.jpeg 300w\" sizes=\"auto, (max-width: 553px) 100vw, 553px\" \/> <img loading=\"lazy\" decoding=\"async\" class=\"aligncenter size-full wp-image-210189\" src=\"https:\/\/www.buroperiodistico.com.mx\/wp-content\/uploads\/2026\/04\/STUconectividad-II.jpeg\" alt=\"\" width=\"640\" height=\"426\" srcset=\"https:\/\/www.buroperiodistico.com.mx\/wp-content\/uploads\/2026\/04\/STUconectividad-II.jpeg 640w, https:\/\/www.buroperiodistico.com.mx\/wp-content\/uploads\/2026\/04\/STUconectividad-II-300x200.jpeg 300w\" sizes=\"auto, (max-width: 640px) 100vw, 640px\" \/><\/p>\n","protected":false},"excerpt":{"rendered":"<p>Las 32 entidades del pa\u00eds se suman a la gu\u00eda de alineaci\u00f3n para estados y&#8230;<\/p>\n","protected":false},"author":1,"featured_media":210191,"comment_status":"closed","ping_status":"closed","sticky":false,"template":"","format":"standard","meta":{"footnotes":"","jetpack_publicize_message":"","jetpack_publicize_feature_enabled":true,"jetpack_social_post_already_shared":true,"jetpack_social_options":{"image_generator_settings":{"template":"highway","default_image_id":0,"font":"","enabled":false},"version":2}},"categories":[10],"tags":[],"class_list":["post-210187","post","type-post","status-publish","format-standard","has-post-thumbnail","hentry","category-tamaulipas"],"jetpack_publicize_connections":[],"_links":{"self":[{"href":"https:\/\/www.buroperiodistico.com.mx\/index.php?rest_route=\/wp\/v2\/posts\/210187","targetHints":{"allow":["GET"]}}],"collection":[{"href":"https:\/\/www.buroperiodistico.com.mx\/index.php?rest_route=\/wp\/v2\/posts"}],"about":[{"href":"https:\/\/www.buroperiodistico.com.mx\/index.php?rest_route=\/wp\/v2\/types\/post"}],"author":[{"embeddable":true,"href":"https:\/\/www.buroperiodistico.com.mx\/index.php?rest_route=\/wp\/v2\/users\/1"}],"replies":[{"embeddable":true,"href":"https:\/\/www.buroperiodistico.com.mx\/index.php?rest_route=%2Fwp%2Fv2%2Fcomments&post=210187"}],"version-history":[{"count":1,"href":"https:\/\/www.buroperiodistico.com.mx\/index.php?rest_route=\/wp\/v2\/posts\/210187\/revisions"}],"predecessor-version":[{"id":210192,"href":"https:\/\/www.buroperiodistico.com.mx\/index.php?rest_route=\/wp\/v2\/posts\/210187\/revisions\/210192"}],"wp:featuredmedia":[{"embeddable":true,"href":"https:\/\/www.buroperiodistico.com.mx\/index.php?rest_route=\/wp\/v2\/media\/210191"}],"wp:attachment":[{"href":"https:\/\/www.buroperiodistico.com.mx\/index.php?rest_route=%2Fwp%2Fv2%2Fmedia&parent=210187"}],"wp:term":[{"taxonomy":"category","embeddable":true,"href":"https:\/\/www.buroperiodistico.com.mx\/index.php?rest_route=%2Fwp%2Fv2%2Fcategories&post=210187"},{"taxonomy":"post_tag","embeddable":true,"href":"https:\/\/www.buroperiodistico.com.mx\/index.php?rest_route=%2Fwp%2Fv2%2Ftags&post=210187"}],"curies":[{"name":"wp","href":"https:\/\/api.w.org\/{rel}","templated":true}]}}