{"id":210180,"date":"2026-04-26T16:14:29","date_gmt":"2026-04-26T21:14:29","guid":{"rendered":"https:\/\/www.buroperiodistico.com.mx\/?p=210180"},"modified":"2026-04-26T16:14:29","modified_gmt":"2026-04-26T21:14:29","slug":"colabora-sebien-en-el-cuidado-de-la-salud-del-personal","status":"publish","type":"post","link":"https:\/\/www.buroperiodistico.com.mx\/?p=210180","title":{"rendered":"Colabora SEBIEN en el cuidado de la salud del personal"},"content":{"rendered":"<p><em><strong><img loading=\"lazy\" decoding=\"async\" class=\" wp-image-210184 alignright\" src=\"https:\/\/www.buroperiodistico.com.mx\/wp-content\/uploads\/2026\/04\/SBSpersonal.jpeg\" alt=\"\" width=\"515\" height=\"314\" srcset=\"https:\/\/www.buroperiodistico.com.mx\/wp-content\/uploads\/2026\/04\/SBSpersonal.jpeg 1024w, https:\/\/www.buroperiodistico.com.mx\/wp-content\/uploads\/2026\/04\/SBSpersonal-300x183.jpeg 300w, https:\/\/www.buroperiodistico.com.mx\/wp-content\/uploads\/2026\/04\/SBSpersonal-768x468.jpeg 768w\" sizes=\"auto, (max-width: 515px) 100vw, 515px\" \/>Ciudad Victoria, Tamaulipas (26-Abril-2026).-<\/strong><\/em> Con el prop\u00f3sito de fortalecer la prevenci\u00f3n en salud y detectar oportunamente factores de riesgo cardiovascular, personal de la Secretar\u00eda de Bienestar Social (SEBIEN) recibi\u00f3 capacitaci\u00f3n y valoraci\u00f3n f\u00edsica, inform\u00f3 la titular de la dependencia, Silvia Casas Gonz\u00e1lez.<\/p>\n<p>La actividad estuvo dirigida a m\u00e1s de 300 servidoras y servidores p\u00fablicos, con el objetivo de favorecer su desarrollo integral y contribuir a la mejora en la calidad del servicio que se brinda a la poblaci\u00f3n.<\/p>\n<p>Esta estrategia se implement\u00f3 bajo un enfoque de protecci\u00f3n y autocuidado, a trav\u00e9s de la Secretar\u00eda T\u00e9cnica, en coordinaci\u00f3n con la Direcci\u00f3n de Capacitaci\u00f3n y An\u00e1lisis Estrat\u00e9gico, as\u00ed como la Subdirecci\u00f3n de Formaci\u00f3n y Capacitaci\u00f3n.<\/p>\n<p>Con la colaboraci\u00f3n de la Direcci\u00f3n de Medicina de Estilo de Vida Saludable de la Secretar\u00eda de Salud, se desarroll\u00f3 la estrategia \u201cAtenci\u00f3n Oportuna y Reducci\u00f3n de Riesgo Cardiovascular\u201d, orientada a identificar de manera temprana factores asociados a enfermedades cardiovasculares.<\/p>\n<p>Estas acciones buscan prevenir complicaciones como hipertensi\u00f3n arterial, infarto agudo al miocardio, accidente cerebrovascular y otras afecciones del sistema circulatorio entre el personal.<\/p>\n<p>La jornada se llev\u00f3 a cabo en el piso 19 de la Torre de Oficinas Gubernamentales \u201cBicentenario\u201d, donde personal especializado de la Secretar\u00eda de Salud brind\u00f3 atenci\u00f3n personalizada a las y los participantes.<\/p>\n<p>Como parte del programa, se imparti\u00f3 la conferencia \u201c\u00bfQu\u00e9 es la Medicina de Estilo de Vida?\u201d, a cargo del doctor Lujhon Guillermo Flores Guti\u00e9rrez, en el Auditorio del Instituto Registral y Catastral.<\/p>\n<p>La titular de SEBIEN destac\u00f3 que, de manera continua y sistem\u00e1tica, el personal recibe capacitaci\u00f3n en diversos \u00e1mbitos, con el objetivo de fortalecer su desempe\u00f1o y garantizar una atenci\u00f3n eficiente a la ciudadan\u00eda.<\/p>\n<p>Subray\u00f3 que el bienestar de las y los servidores p\u00fablicos es fundamental para el adecuado ejercicio de sus funciones, ya que impacta directamente en la calidad del servicio, en congruencia con la pol\u00edtica humanista impulsada por el gobernador Am\u00e9rico Villarreal Anaya.<\/p>\n<p><img loading=\"lazy\" decoding=\"async\" class=\"aligncenter size-full wp-image-210181\" src=\"https:\/\/www.buroperiodistico.com.mx\/wp-content\/uploads\/2026\/04\/SBSpersonal-I.jpeg\" alt=\"\" width=\"640\" height=\"426\" srcset=\"https:\/\/www.buroperiodistico.com.mx\/wp-content\/uploads\/2026\/04\/SBSpersonal-I.jpeg 640w, https:\/\/www.buroperiodistico.com.mx\/wp-content\/uploads\/2026\/04\/SBSpersonal-I-300x200.jpeg 300w\" sizes=\"auto, (max-width: 640px) 100vw, 640px\" \/> <img loading=\"lazy\" decoding=\"async\" class=\"aligncenter size-full wp-image-210183\" src=\"https:\/\/www.buroperiodistico.com.mx\/wp-content\/uploads\/2026\/04\/SBSpersonal-III.jpeg\" alt=\"\" width=\"640\" height=\"426\" srcset=\"https:\/\/www.buroperiodistico.com.mx\/wp-content\/uploads\/2026\/04\/SBSpersonal-III.jpeg 640w, https:\/\/www.buroperiodistico.com.mx\/wp-content\/uploads\/2026\/04\/SBSpersonal-III-300x200.jpeg 300w\" sizes=\"auto, (max-width: 640px) 100vw, 640px\" \/> <img loading=\"lazy\" decoding=\"async\" class=\"aligncenter size-full wp-image-210182\" src=\"https:\/\/www.buroperiodistico.com.mx\/wp-content\/uploads\/2026\/04\/SBSpersonal-II.jpeg\" alt=\"\" width=\"640\" height=\"426\" srcset=\"https:\/\/www.buroperiodistico.com.mx\/wp-content\/uploads\/2026\/04\/SBSpersonal-II.jpeg 640w, https:\/\/www.buroperiodistico.com.mx\/wp-content\/uploads\/2026\/04\/SBSpersonal-II-300x200.jpeg 300w\" sizes=\"auto, (max-width: 640px) 100vw, 640px\" \/><\/p>\n","protected":false},"excerpt":{"rendered":"<p>Ciudad Victoria, Tamaulipas (26-Abril-2026).- Con el prop\u00f3sito de fortalecer la prevenci\u00f3n en salud y detectar&#8230;<\/p>\n","protected":false},"author":1,"featured_media":210184,"comment_status":"closed","ping_status":"closed","sticky":false,"template":"","format":"standard","meta":{"footnotes":"","jetpack_publicize_message":"","jetpack_publicize_feature_enabled":true,"jetpack_social_post_already_shared":true,"jetpack_social_options":{"image_generator_settings":{"template":"highway","default_image_id":0,"font":"","enabled":false},"version":2}},"categories":[10],"tags":[],"class_list":["post-210180","post","type-post","status-publish","format-standard","has-post-thumbnail","hentry","category-tamaulipas"],"jetpack_publicize_connections":[],"_links":{"self":[{"href":"https:\/\/www.buroperiodistico.com.mx\/index.php?rest_route=\/wp\/v2\/posts\/210180","targetHints":{"allow":["GET"]}}],"collection":[{"href":"https:\/\/www.buroperiodistico.com.mx\/index.php?rest_route=\/wp\/v2\/posts"}],"about":[{"href":"https:\/\/www.buroperiodistico.com.mx\/index.php?rest_route=\/wp\/v2\/types\/post"}],"author":[{"embeddable":true,"href":"https:\/\/www.buroperiodistico.com.mx\/index.php?rest_route=\/wp\/v2\/users\/1"}],"replies":[{"embeddable":true,"href":"https:\/\/www.buroperiodistico.com.mx\/index.php?rest_route=%2Fwp%2Fv2%2Fcomments&post=210180"}],"version-history":[{"count":2,"href":"https:\/\/www.buroperiodistico.com.mx\/index.php?rest_route=\/wp\/v2\/posts\/210180\/revisions"}],"predecessor-version":[{"id":210186,"href":"https:\/\/www.buroperiodistico.com.mx\/index.php?rest_route=\/wp\/v2\/posts\/210180\/revisions\/210186"}],"wp:featuredmedia":[{"embeddable":true,"href":"https:\/\/www.buroperiodistico.com.mx\/index.php?rest_route=\/wp\/v2\/media\/210184"}],"wp:attachment":[{"href":"https:\/\/www.buroperiodistico.com.mx\/index.php?rest_route=%2Fwp%2Fv2%2Fmedia&parent=210180"}],"wp:term":[{"taxonomy":"category","embeddable":true,"href":"https:\/\/www.buroperiodistico.com.mx\/index.php?rest_route=%2Fwp%2Fv2%2Fcategories&post=210180"},{"taxonomy":"post_tag","embeddable":true,"href":"https:\/\/www.buroperiodistico.com.mx\/index.php?rest_route=%2Fwp%2Fv2%2Ftags&post=210180"}],"curies":[{"name":"wp","href":"https:\/\/api.w.org\/{rel}","templated":true}]}}