{"id":210157,"date":"2026-04-26T15:20:30","date_gmt":"2026-04-26T20:20:30","guid":{"rendered":"https:\/\/www.buroperiodistico.com.mx\/?p=210157"},"modified":"2026-04-26T15:20:30","modified_gmt":"2026-04-26T20:20:30","slug":"suman-sspt-e-itace-esfuerzos-para-prevenir-el-delito-y-su-reincidencia-en-adolescentes-de-tamaulipas","status":"publish","type":"post","link":"https:\/\/www.buroperiodistico.com.mx\/?p=210157","title":{"rendered":"Suman SSPT e ITACE esfuerzos para prevenir el delito y su reincidencia en adolescentes de Tamaulipas"},"content":{"rendered":"<p><em><strong><img loading=\"lazy\" decoding=\"async\" class=\" wp-image-210164 alignright\" src=\"https:\/\/www.buroperiodistico.com.mx\/wp-content\/uploads\/2026\/04\/SSPTamaulipas-1.jpeg\" alt=\"\" width=\"532\" height=\"288\" srcset=\"https:\/\/www.buroperiodistico.com.mx\/wp-content\/uploads\/2026\/04\/SSPTamaulipas-1.jpeg 1024w, https:\/\/www.buroperiodistico.com.mx\/wp-content\/uploads\/2026\/04\/SSPTamaulipas-1-300x162.jpeg 300w, https:\/\/www.buroperiodistico.com.mx\/wp-content\/uploads\/2026\/04\/SSPTamaulipas-1-768x416.jpeg 768w\" sizes=\"auto, (max-width: 532px) 100vw, 532px\" \/>Ciudad Victoria, Tamaulipas (26-Abril-2026).-<\/strong><\/em> A trav\u00e9s de la Direcci\u00f3n de Ejecuci\u00f3n de Medidas para Adolescentes (DEMA), la Secretar\u00eda de Seguridad P\u00fablica de Tamaulipas (SSPT) fortalece las acciones de prevenci\u00f3n del delito y la reincidencia en adolescentes, mediante la impartici\u00f3n de talleres comunitarios en coordinaci\u00f3n con el Instituto Tamaulipeco de Capacitaci\u00f3n para el Empleo (ITACE).<\/p>\n<p>Estas capacitaciones est\u00e1n dirigidas a adolescentes que cumplen medidas no privativas de la libertad, as\u00ed como a integrantes de la comunidad en general, con el objetivo de brindar herramientas para el autoempleo, fortalecer el tejido social y consolidar redes de apoyo.<\/p>\n<p>Como parte de esta colaboraci\u00f3n interinstitucional, en los Centros Regionales de Ejecuci\u00f3n de Medidas para Adolescentes de Altamira y Reynosa se impartieron los talleres \u201cTejido a crochet: arreglos para el D\u00eda de las Madres\u201d y \u201cReposter\u00eda\u201d, respectivamente.<\/p>\n<p>El aprendizaje de oficios y el fortalecimiento de la seguridad comunitaria constituyen factores clave en los procesos de reinserci\u00f3n social de adolescentes en conflicto con la ley penal, al favorecer su desarrollo integral y su inclusi\u00f3n en entornos productivos.<\/p>\n<p>Con estas acciones, la SSPT refrenda su compromiso de trabajar de manera coordinada con otras dependencias del Gobierno del Estado para prevenir conductas delictivas y promover oportunidades de desarrollo para las y los j\u00f3venes tamaulipecos.<\/p>\n<p><img loading=\"lazy\" decoding=\"async\" class=\"aligncenter size-full wp-image-210158\" src=\"https:\/\/www.buroperiodistico.com.mx\/wp-content\/uploads\/2026\/04\/SSPTamaulipas-I-1.jpeg\" alt=\"\" width=\"640\" height=\"480\" srcset=\"https:\/\/www.buroperiodistico.com.mx\/wp-content\/uploads\/2026\/04\/SSPTamaulipas-I-1.jpeg 640w, https:\/\/www.buroperiodistico.com.mx\/wp-content\/uploads\/2026\/04\/SSPTamaulipas-I-1-300x225.jpeg 300w\" sizes=\"auto, (max-width: 640px) 100vw, 640px\" \/> <img loading=\"lazy\" decoding=\"async\" class=\"aligncenter size-full wp-image-210163\" src=\"https:\/\/www.buroperiodistico.com.mx\/wp-content\/uploads\/2026\/04\/SSPTamaulipas-IIIIII.jpeg\" alt=\"\" width=\"640\" height=\"480\" srcset=\"https:\/\/www.buroperiodistico.com.mx\/wp-content\/uploads\/2026\/04\/SSPTamaulipas-IIIIII.jpeg 640w, https:\/\/www.buroperiodistico.com.mx\/wp-content\/uploads\/2026\/04\/SSPTamaulipas-IIIIII-300x225.jpeg 300w\" sizes=\"auto, (max-width: 640px) 100vw, 640px\" \/> <img loading=\"lazy\" decoding=\"async\" class=\"aligncenter size-full wp-image-210162\" src=\"https:\/\/www.buroperiodistico.com.mx\/wp-content\/uploads\/2026\/04\/SSPTamaulipas-IIIII-1.jpeg\" alt=\"\" width=\"640\" height=\"480\" srcset=\"https:\/\/www.buroperiodistico.com.mx\/wp-content\/uploads\/2026\/04\/SSPTamaulipas-IIIII-1.jpeg 640w, https:\/\/www.buroperiodistico.com.mx\/wp-content\/uploads\/2026\/04\/SSPTamaulipas-IIIII-1-300x225.jpeg 300w\" sizes=\"auto, (max-width: 640px) 100vw, 640px\" \/> <img loading=\"lazy\" decoding=\"async\" class=\"aligncenter size-full wp-image-210161\" src=\"https:\/\/www.buroperiodistico.com.mx\/wp-content\/uploads\/2026\/04\/SSPTamaulipas-IIII-1.jpeg\" alt=\"\" width=\"480\" height=\"640\" srcset=\"https:\/\/www.buroperiodistico.com.mx\/wp-content\/uploads\/2026\/04\/SSPTamaulipas-IIII-1.jpeg 480w, https:\/\/www.buroperiodistico.com.mx\/wp-content\/uploads\/2026\/04\/SSPTamaulipas-IIII-1-225x300.jpeg 225w\" sizes=\"auto, (max-width: 480px) 100vw, 480px\" \/> <img loading=\"lazy\" decoding=\"async\" class=\"aligncenter size-full wp-image-210160\" src=\"https:\/\/www.buroperiodistico.com.mx\/wp-content\/uploads\/2026\/04\/SSPTamaulipas-III-1.jpeg\" alt=\"\" width=\"480\" height=\"640\" srcset=\"https:\/\/www.buroperiodistico.com.mx\/wp-content\/uploads\/2026\/04\/SSPTamaulipas-III-1.jpeg 480w, https:\/\/www.buroperiodistico.com.mx\/wp-content\/uploads\/2026\/04\/SSPTamaulipas-III-1-225x300.jpeg 225w\" sizes=\"auto, (max-width: 480px) 100vw, 480px\" \/> <img loading=\"lazy\" decoding=\"async\" class=\"aligncenter size-full wp-image-210159\" src=\"https:\/\/www.buroperiodistico.com.mx\/wp-content\/uploads\/2026\/04\/SSPTamaulipas-II-1.jpeg\" alt=\"\" width=\"533\" height=\"480\" srcset=\"https:\/\/www.buroperiodistico.com.mx\/wp-content\/uploads\/2026\/04\/SSPTamaulipas-II-1.jpeg 533w, https:\/\/www.buroperiodistico.com.mx\/wp-content\/uploads\/2026\/04\/SSPTamaulipas-II-1-300x270.jpeg 300w\" sizes=\"auto, (max-width: 533px) 100vw, 533px\" \/><\/p>\n","protected":false},"excerpt":{"rendered":"<p>Ciudad Victoria, Tamaulipas (26-Abril-2026).- A trav\u00e9s de la Direcci\u00f3n de Ejecuci\u00f3n de Medidas para Adolescentes&#8230;<\/p>\n","protected":false},"author":1,"featured_media":210164,"comment_status":"closed","ping_status":"closed","sticky":false,"template":"","format":"standard","meta":{"footnotes":"","jetpack_publicize_message":"","jetpack_publicize_feature_enabled":true,"jetpack_social_post_already_shared":true,"jetpack_social_options":{"image_generator_settings":{"template":"highway","default_image_id":0,"font":"","enabled":false},"version":2}},"categories":[10],"tags":[],"class_list":["post-210157","post","type-post","status-publish","format-standard","has-post-thumbnail","hentry","category-tamaulipas"],"jetpack_publicize_connections":[],"_links":{"self":[{"href":"https:\/\/www.buroperiodistico.com.mx\/index.php?rest_route=\/wp\/v2\/posts\/210157","targetHints":{"allow":["GET"]}}],"collection":[{"href":"https:\/\/www.buroperiodistico.com.mx\/index.php?rest_route=\/wp\/v2\/posts"}],"about":[{"href":"https:\/\/www.buroperiodistico.com.mx\/index.php?rest_route=\/wp\/v2\/types\/post"}],"author":[{"embeddable":true,"href":"https:\/\/www.buroperiodistico.com.mx\/index.php?rest_route=\/wp\/v2\/users\/1"}],"replies":[{"embeddable":true,"href":"https:\/\/www.buroperiodistico.com.mx\/index.php?rest_route=%2Fwp%2Fv2%2Fcomments&post=210157"}],"version-history":[{"count":2,"href":"https:\/\/www.buroperiodistico.com.mx\/index.php?rest_route=\/wp\/v2\/posts\/210157\/revisions"}],"predecessor-version":[{"id":210166,"href":"https:\/\/www.buroperiodistico.com.mx\/index.php?rest_route=\/wp\/v2\/posts\/210157\/revisions\/210166"}],"wp:featuredmedia":[{"embeddable":true,"href":"https:\/\/www.buroperiodistico.com.mx\/index.php?rest_route=\/wp\/v2\/media\/210164"}],"wp:attachment":[{"href":"https:\/\/www.buroperiodistico.com.mx\/index.php?rest_route=%2Fwp%2Fv2%2Fmedia&parent=210157"}],"wp:term":[{"taxonomy":"category","embeddable":true,"href":"https:\/\/www.buroperiodistico.com.mx\/index.php?rest_route=%2Fwp%2Fv2%2Fcategories&post=210157"},{"taxonomy":"post_tag","embeddable":true,"href":"https:\/\/www.buroperiodistico.com.mx\/index.php?rest_route=%2Fwp%2Fv2%2Ftags&post=210157"}],"curies":[{"name":"wp","href":"https:\/\/api.w.org\/{rel}","templated":true}]}}