{"id":210124,"date":"2026-04-26T14:02:46","date_gmt":"2026-04-26T19:02:46","guid":{"rendered":"https:\/\/www.buroperiodistico.com.mx\/?p=210124"},"modified":"2026-04-26T14:02:46","modified_gmt":"2026-04-26T19:02:46","slug":"impulsaran-mejora-de-escuelas-con-mas-de-900-mdp-en-infraestructura-educativa","status":"publish","type":"post","link":"https:\/\/www.buroperiodistico.com.mx\/?p=210124","title":{"rendered":"Impulsar\u00e1n mejora de escuelas con m\u00e1s de 900 mdp en infraestructura educativa"},"content":{"rendered":"<p><em><strong><img loading=\"lazy\" decoding=\"async\" class=\" wp-image-210125 alignright\" src=\"https:\/\/www.buroperiodistico.com.mx\/wp-content\/uploads\/2026\/04\/SETeducativa.jpeg\" alt=\"\" width=\"493\" height=\"315\" srcset=\"https:\/\/www.buroperiodistico.com.mx\/wp-content\/uploads\/2026\/04\/SETeducativa.jpeg 1024w, https:\/\/www.buroperiodistico.com.mx\/wp-content\/uploads\/2026\/04\/SETeducativa-300x192.jpeg 300w, https:\/\/www.buroperiodistico.com.mx\/wp-content\/uploads\/2026\/04\/SETeducativa-768x491.jpeg 768w\" sizes=\"auto, (max-width: 493px) 100vw, 493px\" \/>Ciudad Victoria, Tamaulipas (26-Abril-2026).-<\/strong><\/em> Con el objetivo de garantizar que todas las escuelas cuenten con condiciones f\u00edsicas adecuadas para la ense\u00f1anza, se incrementar\u00e1n los recursos destinados a la infraestructura educativa en el estado, inform\u00f3 el secretario de Educaci\u00f3n de Tamaulipas, Miguel \u00c1ngel Valdez Garc\u00eda.<\/p>\n<p>El funcionario se\u00f1al\u00f3 que, tras el anuncio de la presidenta Claudia Sheinbaum Pardo sobre el incremento en el presupuesto del programa La Escuela es Nuestra (LEEN), se prev\u00e9 que para el pr\u00f3ximo a\u00f1o los recursos destinados a este rubro superen los 900 millones de pesos, en comparaci\u00f3n con los 300 millones que se asignaban anteriormente.<\/p>\n<p>Indic\u00f3 que este aumento permitir\u00e1 consolidar la infraestructura educativa en la entidad, fortaleciendo la calidad de los espacios escolares y generando mejores condiciones para el aprendizaje.<\/p>\n<p>En relaci\u00f3n con su pr\u00f3xima comparecencia ante el Congreso del Estado, con motivo del Cuarto Informe del gobernador Am\u00e9rico Villarreal Anaya, explic\u00f3 que presentar\u00e1 avances en tres ejes fundamentales del sector educativo: infraestructura, aprendizajes fundamentales y recurso humano.<\/p>\n<p>Destac\u00f3 que este ejercicio permitir\u00e1 consolidar la ruta trazada por la actual administraci\u00f3n para el cumplimiento de las metas educativas en los pr\u00f3ximos a\u00f1os.<\/p>\n<p>Asimismo, inform\u00f3 que abordar\u00e1 los resultados de los programas de becas \u201cRita Cetina\u201d en educaci\u00f3n b\u00e1sica y \u201cBenito Ju\u00e1rez\u201d en nivel medio superior, los cuales representan una inversi\u00f3n superior a mil millones de pesos para el pr\u00f3ximo a\u00f1o, con cobertura en primaria, secundaria y preparatoria.<\/p>\n<p>Subray\u00f3 que estos apoyos reflejan un avance significativo en la pol\u00edtica educativa, al garantizar becas universales desde la educaci\u00f3n b\u00e1sica hasta el nivel medio superior, complementadas por programas estatales dirigidos a grupos prioritarios como estudiantes con neurodivergencias, hijas e hijos de personal de seguridad p\u00fablica y poblaci\u00f3n migrante.<\/p>\n<p>Finalmente, reiter\u00f3 que el Gobierno del Estado, en coordinaci\u00f3n con la Federaci\u00f3n, continuar\u00e1 impulsando una educaci\u00f3n de calidad, inclusiva y con enfoque humanista, en beneficio de las y los estudiantes de Tamaulipas.<\/p>\n","protected":false},"excerpt":{"rendered":"<p>Ciudad Victoria, Tamaulipas (26-Abril-2026).- Con el objetivo de garantizar que todas las escuelas cuenten con&#8230;<\/p>\n","protected":false},"author":1,"featured_media":210125,"comment_status":"closed","ping_status":"closed","sticky":false,"template":"","format":"standard","meta":{"footnotes":"","jetpack_publicize_message":"","jetpack_publicize_feature_enabled":true,"jetpack_social_post_already_shared":true,"jetpack_social_options":{"image_generator_settings":{"template":"highway","default_image_id":0,"font":"","enabled":false},"version":2}},"categories":[25,10],"tags":[],"class_list":["post-210124","post","type-post","status-publish","format-standard","has-post-thumbnail","hentry","category-portada","category-tamaulipas"],"jetpack_publicize_connections":[],"_links":{"self":[{"href":"https:\/\/www.buroperiodistico.com.mx\/index.php?rest_route=\/wp\/v2\/posts\/210124","targetHints":{"allow":["GET"]}}],"collection":[{"href":"https:\/\/www.buroperiodistico.com.mx\/index.php?rest_route=\/wp\/v2\/posts"}],"about":[{"href":"https:\/\/www.buroperiodistico.com.mx\/index.php?rest_route=\/wp\/v2\/types\/post"}],"author":[{"embeddable":true,"href":"https:\/\/www.buroperiodistico.com.mx\/index.php?rest_route=\/wp\/v2\/users\/1"}],"replies":[{"embeddable":true,"href":"https:\/\/www.buroperiodistico.com.mx\/index.php?rest_route=%2Fwp%2Fv2%2Fcomments&post=210124"}],"version-history":[{"count":1,"href":"https:\/\/www.buroperiodistico.com.mx\/index.php?rest_route=\/wp\/v2\/posts\/210124\/revisions"}],"predecessor-version":[{"id":210126,"href":"https:\/\/www.buroperiodistico.com.mx\/index.php?rest_route=\/wp\/v2\/posts\/210124\/revisions\/210126"}],"wp:featuredmedia":[{"embeddable":true,"href":"https:\/\/www.buroperiodistico.com.mx\/index.php?rest_route=\/wp\/v2\/media\/210125"}],"wp:attachment":[{"href":"https:\/\/www.buroperiodistico.com.mx\/index.php?rest_route=%2Fwp%2Fv2%2Fmedia&parent=210124"}],"wp:term":[{"taxonomy":"category","embeddable":true,"href":"https:\/\/www.buroperiodistico.com.mx\/index.php?rest_route=%2Fwp%2Fv2%2Fcategories&post=210124"},{"taxonomy":"post_tag","embeddable":true,"href":"https:\/\/www.buroperiodistico.com.mx\/index.php?rest_route=%2Fwp%2Fv2%2Ftags&post=210124"}],"curies":[{"name":"wp","href":"https:\/\/api.w.org\/{rel}","templated":true}]}}