{"id":210117,"date":"2026-04-26T13:58:26","date_gmt":"2026-04-26T18:58:26","guid":{"rendered":"https:\/\/www.buroperiodistico.com.mx\/?p=210117"},"modified":"2026-04-26T13:58:26","modified_gmt":"2026-04-26T18:58:26","slug":"tiene-tamaulipas-campeona-de-olimpiada-nacional-en-ciclismo","status":"publish","type":"post","link":"https:\/\/www.buroperiodistico.com.mx\/?p=210117","title":{"rendered":"Tiene Tamaulipas campeona de Olimpiada Nacional en Ciclismo"},"content":{"rendered":"<p><em><strong><img loading=\"lazy\" decoding=\"async\" class=\" wp-image-210122 alignright\" src=\"https:\/\/www.buroperiodistico.com.mx\/wp-content\/uploads\/2026\/04\/IDECiclismo.jpeg\" alt=\"\" width=\"546\" height=\"348\" srcset=\"https:\/\/www.buroperiodistico.com.mx\/wp-content\/uploads\/2026\/04\/IDECiclismo.jpeg 1024w, https:\/\/www.buroperiodistico.com.mx\/wp-content\/uploads\/2026\/04\/IDECiclismo-300x191.jpeg 300w, https:\/\/www.buroperiodistico.com.mx\/wp-content\/uploads\/2026\/04\/IDECiclismo-768x490.jpeg 768w\" sizes=\"auto, (max-width: 546px) 100vw, 546px\" \/>Guadalajara, Jalisco (26-Abril-2026).-<\/strong><\/em> La tamaulipeca Ximena Zurita Mart\u00ednez conquist\u00f3 la medalla de oro en la prueba de ciclismo de ruta con un tiempo de 2:05:31, dentro de la categor\u00eda Junior (17-18 a\u00f1os), en actividad de la Olimpiada Nacional, cuya sede para esta disciplina fue Jalisco.<\/p>\n<p>La ciclista originaria de Ciudad Victoria logr\u00f3 una actuaci\u00f3n s\u00f3lida al imponerse precisamente ante representantes locales, superando a una de las delegaciones m\u00e1s fuertes del pa\u00eds en esta disciplina.<\/p>\n<p>Bajo la direcci\u00f3n de su entrenador, Antonio Esc\u00e1rcega, Ximena ejecut\u00f3 una estrategia consistente y mantuvo el ritmo necesario para asegurar el primer lugar en una prueba exigente.<\/p>\n<p>El director general del Instituto del Deporte en Tamaulipas, Manuel Viru\u00e9s, reconoci\u00f3 el logro y el respaldo institucional.<\/p>\n<p>\u201cEste triunfo es reflejo del esfuerzo de nuestros atletas y entrenadores. Tambi\u00e9n es resultado del impulso que encabeza el gobernador Am\u00e9rico Villarreal y del apoyo de la secretaria de Bienestar, Silvia Casas, que han sido fundamentales para que Tamaulipas siga compitiendo a este nivel\u201d.<\/p>\n<p>Con este resultado, -dijo- Tamaulipas suma una medalla m\u00e1s y se posiciona en lo alto del ciclismo nacional.<\/p>\n<p><img loading=\"lazy\" decoding=\"async\" class=\"aligncenter size-full wp-image-210118\" src=\"https:\/\/www.buroperiodistico.com.mx\/wp-content\/uploads\/2026\/04\/IDECiclismo-I.jpeg\" alt=\"\" width=\"619\" height=\"480\" srcset=\"https:\/\/www.buroperiodistico.com.mx\/wp-content\/uploads\/2026\/04\/IDECiclismo-I.jpeg 619w, https:\/\/www.buroperiodistico.com.mx\/wp-content\/uploads\/2026\/04\/IDECiclismo-I-300x233.jpeg 300w\" sizes=\"auto, (max-width: 619px) 100vw, 619px\" \/> <img loading=\"lazy\" decoding=\"async\" class=\"aligncenter size-full wp-image-210121\" src=\"https:\/\/www.buroperiodistico.com.mx\/wp-content\/uploads\/2026\/04\/IDECiclismo-IIII.jpeg\" alt=\"\" width=\"480\" height=\"506\" srcset=\"https:\/\/www.buroperiodistico.com.mx\/wp-content\/uploads\/2026\/04\/IDECiclismo-IIII.jpeg 480w, https:\/\/www.buroperiodistico.com.mx\/wp-content\/uploads\/2026\/04\/IDECiclismo-IIII-285x300.jpeg 285w\" sizes=\"auto, (max-width: 480px) 100vw, 480px\" \/> <img loading=\"lazy\" decoding=\"async\" class=\"aligncenter size-full wp-image-210120\" src=\"https:\/\/www.buroperiodistico.com.mx\/wp-content\/uploads\/2026\/04\/IDECiclismo-III.jpeg\" alt=\"\" width=\"344\" height=\"640\" srcset=\"https:\/\/www.buroperiodistico.com.mx\/wp-content\/uploads\/2026\/04\/IDECiclismo-III.jpeg 344w, https:\/\/www.buroperiodistico.com.mx\/wp-content\/uploads\/2026\/04\/IDECiclismo-III-161x300.jpeg 161w\" sizes=\"auto, (max-width: 344px) 100vw, 344px\" \/> <img loading=\"lazy\" decoding=\"async\" class=\"aligncenter size-full wp-image-210119\" src=\"https:\/\/www.buroperiodistico.com.mx\/wp-content\/uploads\/2026\/04\/IDECiclismo-II.jpeg\" alt=\"\" width=\"480\" height=\"480\" srcset=\"https:\/\/www.buroperiodistico.com.mx\/wp-content\/uploads\/2026\/04\/IDECiclismo-II.jpeg 480w, https:\/\/www.buroperiodistico.com.mx\/wp-content\/uploads\/2026\/04\/IDECiclismo-II-300x300.jpeg 300w, https:\/\/www.buroperiodistico.com.mx\/wp-content\/uploads\/2026\/04\/IDECiclismo-II-150x150.jpeg 150w\" sizes=\"auto, (max-width: 480px) 100vw, 480px\" \/><\/p>\n","protected":false},"excerpt":{"rendered":"<p>Guadalajara, Jalisco (26-Abril-2026).- La tamaulipeca Ximena Zurita Mart\u00ednez conquist\u00f3 la medalla de oro en la&#8230;<\/p>\n","protected":false},"author":1,"featured_media":210122,"comment_status":"closed","ping_status":"closed","sticky":false,"template":"","format":"standard","meta":{"footnotes":"","jetpack_publicize_message":"","jetpack_publicize_feature_enabled":true,"jetpack_social_post_already_shared":true,"jetpack_social_options":{"image_generator_settings":{"template":"highway","default_image_id":0,"font":"","enabled":false},"version":2}},"categories":[25,10],"tags":[],"class_list":["post-210117","post","type-post","status-publish","format-standard","has-post-thumbnail","hentry","category-portada","category-tamaulipas"],"jetpack_publicize_connections":[],"_links":{"self":[{"href":"https:\/\/www.buroperiodistico.com.mx\/index.php?rest_route=\/wp\/v2\/posts\/210117","targetHints":{"allow":["GET"]}}],"collection":[{"href":"https:\/\/www.buroperiodistico.com.mx\/index.php?rest_route=\/wp\/v2\/posts"}],"about":[{"href":"https:\/\/www.buroperiodistico.com.mx\/index.php?rest_route=\/wp\/v2\/types\/post"}],"author":[{"embeddable":true,"href":"https:\/\/www.buroperiodistico.com.mx\/index.php?rest_route=\/wp\/v2\/users\/1"}],"replies":[{"embeddable":true,"href":"https:\/\/www.buroperiodistico.com.mx\/index.php?rest_route=%2Fwp%2Fv2%2Fcomments&post=210117"}],"version-history":[{"count":1,"href":"https:\/\/www.buroperiodistico.com.mx\/index.php?rest_route=\/wp\/v2\/posts\/210117\/revisions"}],"predecessor-version":[{"id":210123,"href":"https:\/\/www.buroperiodistico.com.mx\/index.php?rest_route=\/wp\/v2\/posts\/210117\/revisions\/210123"}],"wp:featuredmedia":[{"embeddable":true,"href":"https:\/\/www.buroperiodistico.com.mx\/index.php?rest_route=\/wp\/v2\/media\/210122"}],"wp:attachment":[{"href":"https:\/\/www.buroperiodistico.com.mx\/index.php?rest_route=%2Fwp%2Fv2%2Fmedia&parent=210117"}],"wp:term":[{"taxonomy":"category","embeddable":true,"href":"https:\/\/www.buroperiodistico.com.mx\/index.php?rest_route=%2Fwp%2Fv2%2Fcategories&post=210117"},{"taxonomy":"post_tag","embeddable":true,"href":"https:\/\/www.buroperiodistico.com.mx\/index.php?rest_route=%2Fwp%2Fv2%2Ftags&post=210117"}],"curies":[{"name":"wp","href":"https:\/\/api.w.org\/{rel}","templated":true}]}}