{"id":210114,"date":"2026-04-26T13:37:17","date_gmt":"2026-04-26T18:37:17","guid":{"rendered":"https:\/\/www.buroperiodistico.com.mx\/?p=210114"},"modified":"2026-04-26T13:37:17","modified_gmt":"2026-04-26T18:37:17","slug":"promueve-dif-reynosa-el-bienestar-emocional-y-la-proteccion-de-la-ninez","status":"publish","type":"post","link":"https:\/\/www.buroperiodistico.com.mx\/?p=210114","title":{"rendered":"Promueve DIF-Reynosa el bienestar emocional y la protecci\u00f3n de la ni\u00f1ez"},"content":{"rendered":"<p><em><strong>Reynosa, Tam (26-Abril-2026).-<\/strong><\/em> El Sistema DIF-Reynosa que preside Carlos Luis Pe\u00f1a Garza, hace un llamado a la ciudadan\u00eda a fomentar la comunicaci\u00f3n y el cuidado emocional de ni\u00f1as y ni\u00f1os, recordando a trav\u00e9s de \u00abCory\u00bb la importancia de expresar lo que sienten y acudir a un adulto de confianza cuando algo no se encuentra bien.<\/p>\n<p>El organismo de asistencia social, destac\u00f3 que la ni\u00f1ez debe contar siempre con el apoyo como padres de familia, docentes o tutores, quienes juegan un papel fundamental en la protecci\u00f3n y acompa\u00f1amiento en situaciones dif\u00edciles, fortaleciendo entornos seguros y de confianza.<\/p>\n<p>El DIF-Reynosa reafirma su compromiso de trabajar permanentemente en la atenci\u00f3n, orientaci\u00f3n y protecci\u00f3n de ni\u00f1as y ni\u00f1os, brindando programas y servicios que contribuyen a su bienestar integral.<\/p>\n<p><img loading=\"lazy\" decoding=\"async\" class=\"aligncenter  wp-image-210115\" src=\"https:\/\/www.buroperiodistico.com.mx\/wp-content\/uploads\/2026\/04\/DIFx-3.jpg\" alt=\"\" width=\"871\" height=\"471\" srcset=\"https:\/\/www.buroperiodistico.com.mx\/wp-content\/uploads\/2026\/04\/DIFx-3.jpg 1110w, https:\/\/www.buroperiodistico.com.mx\/wp-content\/uploads\/2026\/04\/DIFx-3-300x162.jpg 300w, https:\/\/www.buroperiodistico.com.mx\/wp-content\/uploads\/2026\/04\/DIFx-3-1024x554.jpg 1024w, https:\/\/www.buroperiodistico.com.mx\/wp-content\/uploads\/2026\/04\/DIFx-3-768x415.jpg 768w\" sizes=\"auto, (max-width: 871px) 100vw, 871px\" \/><\/p>\n","protected":false},"excerpt":{"rendered":"<p>Reynosa, Tam (26-Abril-2026).- El Sistema DIF-Reynosa que preside Carlos Luis Pe\u00f1a Garza, hace un llamado&#8230;<\/p>\n","protected":false},"author":1,"featured_media":210115,"comment_status":"closed","ping_status":"closed","sticky":false,"template":"","format":"standard","meta":{"footnotes":"","jetpack_publicize_message":"","jetpack_publicize_feature_enabled":true,"jetpack_social_post_already_shared":true,"jetpack_social_options":{"image_generator_settings":{"template":"highway","default_image_id":0,"font":"","enabled":false},"version":2}},"categories":[9],"tags":[],"class_list":["post-210114","post","type-post","status-publish","format-standard","has-post-thumbnail","hentry","category-reynosa"],"jetpack_publicize_connections":[],"_links":{"self":[{"href":"https:\/\/www.buroperiodistico.com.mx\/index.php?rest_route=\/wp\/v2\/posts\/210114","targetHints":{"allow":["GET"]}}],"collection":[{"href":"https:\/\/www.buroperiodistico.com.mx\/index.php?rest_route=\/wp\/v2\/posts"}],"about":[{"href":"https:\/\/www.buroperiodistico.com.mx\/index.php?rest_route=\/wp\/v2\/types\/post"}],"author":[{"embeddable":true,"href":"https:\/\/www.buroperiodistico.com.mx\/index.php?rest_route=\/wp\/v2\/users\/1"}],"replies":[{"embeddable":true,"href":"https:\/\/www.buroperiodistico.com.mx\/index.php?rest_route=%2Fwp%2Fv2%2Fcomments&post=210114"}],"version-history":[{"count":1,"href":"https:\/\/www.buroperiodistico.com.mx\/index.php?rest_route=\/wp\/v2\/posts\/210114\/revisions"}],"predecessor-version":[{"id":210116,"href":"https:\/\/www.buroperiodistico.com.mx\/index.php?rest_route=\/wp\/v2\/posts\/210114\/revisions\/210116"}],"wp:featuredmedia":[{"embeddable":true,"href":"https:\/\/www.buroperiodistico.com.mx\/index.php?rest_route=\/wp\/v2\/media\/210115"}],"wp:attachment":[{"href":"https:\/\/www.buroperiodistico.com.mx\/index.php?rest_route=%2Fwp%2Fv2%2Fmedia&parent=210114"}],"wp:term":[{"taxonomy":"category","embeddable":true,"href":"https:\/\/www.buroperiodistico.com.mx\/index.php?rest_route=%2Fwp%2Fv2%2Fcategories&post=210114"},{"taxonomy":"post_tag","embeddable":true,"href":"https:\/\/www.buroperiodistico.com.mx\/index.php?rest_route=%2Fwp%2Fv2%2Ftags&post=210114"}],"curies":[{"name":"wp","href":"https:\/\/api.w.org\/{rel}","templated":true}]}}