{"id":210108,"date":"2026-04-26T13:31:36","date_gmt":"2026-04-26T18:31:36","guid":{"rendered":"https:\/\/www.buroperiodistico.com.mx\/?p=210108"},"modified":"2026-04-26T13:31:36","modified_gmt":"2026-04-26T18:31:36","slug":"proyecto-de-la-uat-fortalece-el-desarrollo-turistico-y-cultural-de-tamaulipas","status":"publish","type":"post","link":"https:\/\/www.buroperiodistico.com.mx\/?p=210108","title":{"rendered":"Proyecto de la UAT fortalece el desarrollo tur\u00edstico y cultural de Tamaulipas"},"content":{"rendered":"<p><em><strong><img loading=\"lazy\" decoding=\"async\" class=\" wp-image-210112 alignright\" src=\"https:\/\/www.buroperiodistico.com.mx\/wp-content\/uploads\/2026\/04\/UATx-5.jpg\" alt=\"\" width=\"508\" height=\"275\" srcset=\"https:\/\/www.buroperiodistico.com.mx\/wp-content\/uploads\/2026\/04\/UATx-5.jpg 1110w, https:\/\/www.buroperiodistico.com.mx\/wp-content\/uploads\/2026\/04\/UATx-5-300x162.jpg 300w, https:\/\/www.buroperiodistico.com.mx\/wp-content\/uploads\/2026\/04\/UATx-5-1024x554.jpg 1024w, https:\/\/www.buroperiodistico.com.mx\/wp-content\/uploads\/2026\/04\/UATx-5-768x415.jpg 768w\" sizes=\"auto, (max-width: 508px) 100vw, 508px\" \/>Ciudad Victoria, Tam (26-Abril-2026).-<\/strong> <\/em>En una muestra del compromiso con la investigaci\u00f3n aplicada y la vinculaci\u00f3n institucional, el rector de la Universidad Aut\u00f3noma de Tamaulipas (UAT) D\u00e1maso Anaya Alvarado encabez\u00f3 junto con el secretario de Turismo de Tamaulipas, Benjam\u00edn Hern\u00e1ndez Rodr\u00edguez, y el director general del Consejo Tamaulipeco de Ciencia y Tecnolog\u00eda (COTACYT), Julio Mart\u00ednez Burnes, la presentaci\u00f3n y entrega de resultados finales del proyecto \u201cResignificaci\u00f3n del patrimonio tur\u00edstico tangible e intangible de Tamaulipas\u201d.<\/p>\n<p>El resultado de esta investigaci\u00f3n aporta herramientas para diversificar la vocaci\u00f3n tur\u00edstica de la entidad y fortalece la preservaci\u00f3n de su riqueza cultural y natural, destac\u00f3 el rector D\u00e1maso Anaya en su mensaje.<\/p>\n<p>Durante la reuni\u00f3n celebrada en las oficinas del COTACYT, el rector subray\u00f3 que este proyecto responde a una necesidad estrat\u00e9gica para comprender y potenciar la riqueza patrimonial de Tamaulipas, incorporando nuevas perspectivas como el turismo rural, ecol\u00f3gico, comunitario y de monta\u00f1a, bajo una visi\u00f3n integral y sostenible.<\/p>\n<p>Se\u00f1al\u00f3 que esta iniciativa demuestra c\u00f3mo la investigaci\u00f3n universitaria puede traducirse en herramientas con impacto social, al aportar conocimiento \u00fatil para fortalecer la actividad tur\u00edstica, preservar el patrimonio y contribuir al desarrollo econ\u00f3mico y cultural de las regiones.<\/p>\n<p>A\u00f1adi\u00f3 que los resultados presentados \u201cson evidencia concreta de que la Universidad Aut\u00f3noma de Tamaulipas mantiene una presencia firme y competitiva en las convocatorias p\u00fablicas de ciencia, tecnolog\u00eda y cultura, sustentada en el rigor acad\u00e9mico y en el compromiso con la sociedad\u201d.<\/p>\n<p>Por su parte, el director general del COTACYT, Julio Mart\u00ednez Burnes, subray\u00f3 que este trabajo forma parte del programa estatal de impulso a la investigaci\u00f3n cient\u00edfica, desarrollo tecnol\u00f3gico e innovaci\u00f3n, orientado a atender prioridades del estado mediante proyectos construidos desde la colaboraci\u00f3n entre academia y gobierno.<\/p>\n<p>En su intervenci\u00f3n, el secretario de Turismo, Benjam\u00edn Hern\u00e1ndez Rodr\u00edguez, destac\u00f3 que este trabajo fortalece al sector al integrar conocimiento, planeaci\u00f3n y profesionalizaci\u00f3n para consolidar nuevos productos tur\u00edsticos. Se\u00f1al\u00f3 que el inventario estatal elaborado por la UAT y el diplomado para gu\u00edas representan herramientas clave para beneficiar a las comunidades, elevar la calidad de la oferta tur\u00edstica e impulsar mayor bienestar y derrama econ\u00f3mica en las regiones.<\/p>\n<p>La exposici\u00f3n de resultados estuvo a cargo del investigador de la UAT y responsable t\u00e9cnico del proyecto, Octavio Herrera P\u00e9rez, quien explic\u00f3 que se integra un inventario del patrimonio tur\u00edstico natural y cultural de los 43 municipios de Tamaulipas, acompa\u00f1ado de un portafolio de servicios tur\u00edsticos y una base de datos especializada que servir\u00e1 para fortalecer la planeaci\u00f3n, promoci\u00f3n y dise\u00f1o de rutas tur\u00edsticas regionales.<\/p>\n<p>Entre los resultados destaca tambi\u00e9n la realizaci\u00f3n de un diplomado para gu\u00edas tur\u00edsticos orientado a enriquecer la interpretaci\u00f3n hist\u00f3rica, cultural y patrimonial de los destinos tamaulipecos.<\/p>\n<p>Formalizando la conclusi\u00f3n exitosa de este proyecto, se entregaron constancias al equipo de investigaci\u00f3n, as\u00ed como la Carta Finiquito a la UAT y la Carta de Recepci\u00f3n de Resultados a la Secretar\u00eda de Turismo.<\/p>\n<p><img loading=\"lazy\" decoding=\"async\" class=\"aligncenter size-full wp-image-210109\" src=\"https:\/\/www.buroperiodistico.com.mx\/wp-content\/uploads\/2026\/04\/UATx-I-2.jpg\" alt=\"\" width=\"640\" height=\"370\" srcset=\"https:\/\/www.buroperiodistico.com.mx\/wp-content\/uploads\/2026\/04\/UATx-I-2.jpg 640w, https:\/\/www.buroperiodistico.com.mx\/wp-content\/uploads\/2026\/04\/UATx-I-2-300x173.jpg 300w\" sizes=\"auto, (max-width: 640px) 100vw, 640px\" \/> <img loading=\"lazy\" decoding=\"async\" class=\"aligncenter size-full wp-image-210111\" src=\"https:\/\/www.buroperiodistico.com.mx\/wp-content\/uploads\/2026\/04\/UATx-III.jpeg\" alt=\"\" width=\"640\" height=\"426\" srcset=\"https:\/\/www.buroperiodistico.com.mx\/wp-content\/uploads\/2026\/04\/UATx-III.jpeg 640w, https:\/\/www.buroperiodistico.com.mx\/wp-content\/uploads\/2026\/04\/UATx-III-300x200.jpeg 300w\" sizes=\"auto, (max-width: 640px) 100vw, 640px\" \/> <img loading=\"lazy\" decoding=\"async\" class=\"aligncenter size-full wp-image-210110\" src=\"https:\/\/www.buroperiodistico.com.mx\/wp-content\/uploads\/2026\/04\/UATx-II-2.jpeg\" alt=\"\" width=\"640\" height=\"426\" srcset=\"https:\/\/www.buroperiodistico.com.mx\/wp-content\/uploads\/2026\/04\/UATx-II-2.jpeg 640w, https:\/\/www.buroperiodistico.com.mx\/wp-content\/uploads\/2026\/04\/UATx-II-2-300x200.jpeg 300w\" sizes=\"auto, (max-width: 640px) 100vw, 640px\" \/><\/p>\n","protected":false},"excerpt":{"rendered":"<p>Ciudad Victoria, Tam (26-Abril-2026).- En una muestra del compromiso con la investigaci\u00f3n aplicada y la&#8230;<\/p>\n","protected":false},"author":1,"featured_media":210112,"comment_status":"closed","ping_status":"closed","sticky":false,"template":"","format":"standard","meta":{"footnotes":"","jetpack_publicize_message":"","jetpack_publicize_feature_enabled":true,"jetpack_social_post_already_shared":true,"jetpack_social_options":{"image_generator_settings":{"template":"highway","default_image_id":0,"font":"","enabled":false},"version":2}},"categories":[25,28],"tags":[],"class_list":["post-210108","post","type-post","status-publish","format-standard","has-post-thumbnail","hentry","category-portada","category-uat"],"jetpack_publicize_connections":[],"_links":{"self":[{"href":"https:\/\/www.buroperiodistico.com.mx\/index.php?rest_route=\/wp\/v2\/posts\/210108","targetHints":{"allow":["GET"]}}],"collection":[{"href":"https:\/\/www.buroperiodistico.com.mx\/index.php?rest_route=\/wp\/v2\/posts"}],"about":[{"href":"https:\/\/www.buroperiodistico.com.mx\/index.php?rest_route=\/wp\/v2\/types\/post"}],"author":[{"embeddable":true,"href":"https:\/\/www.buroperiodistico.com.mx\/index.php?rest_route=\/wp\/v2\/users\/1"}],"replies":[{"embeddable":true,"href":"https:\/\/www.buroperiodistico.com.mx\/index.php?rest_route=%2Fwp%2Fv2%2Fcomments&post=210108"}],"version-history":[{"count":1,"href":"https:\/\/www.buroperiodistico.com.mx\/index.php?rest_route=\/wp\/v2\/posts\/210108\/revisions"}],"predecessor-version":[{"id":210113,"href":"https:\/\/www.buroperiodistico.com.mx\/index.php?rest_route=\/wp\/v2\/posts\/210108\/revisions\/210113"}],"wp:featuredmedia":[{"embeddable":true,"href":"https:\/\/www.buroperiodistico.com.mx\/index.php?rest_route=\/wp\/v2\/media\/210112"}],"wp:attachment":[{"href":"https:\/\/www.buroperiodistico.com.mx\/index.php?rest_route=%2Fwp%2Fv2%2Fmedia&parent=210108"}],"wp:term":[{"taxonomy":"category","embeddable":true,"href":"https:\/\/www.buroperiodistico.com.mx\/index.php?rest_route=%2Fwp%2Fv2%2Fcategories&post=210108"},{"taxonomy":"post_tag","embeddable":true,"href":"https:\/\/www.buroperiodistico.com.mx\/index.php?rest_route=%2Fwp%2Fv2%2Ftags&post=210108"}],"curies":[{"name":"wp","href":"https:\/\/api.w.org\/{rel}","templated":true}]}}