{"id":210097,"date":"2026-04-25T20:35:42","date_gmt":"2026-04-26T01:35:42","guid":{"rendered":"https:\/\/www.buroperiodistico.com.mx\/?p=210097"},"modified":"2026-04-25T20:35:42","modified_gmt":"2026-04-26T01:35:42","slug":"agenda-fronteriza-por-humberto-gutierrez-729","status":"publish","type":"post","link":"https:\/\/www.buroperiodistico.com.mx\/?p=210097","title":{"rendered":"AGENDA FRONTERIZA\/ POR HUMBERTO GUTIERREZ"},"content":{"rendered":"<p style=\"text-align: center;\"><em><strong>SABADITO ALEGRE<\/strong><\/em><\/p>\n<p><em><strong>(25-Abril-2026).-<\/strong><\/em> Sobre mi mesa de trabajo se encuentran las notas que considero un deber comentar en mi espacio p\u00fablico.<\/p>\n<p>En la ciudad capital dio inicio la primera etapa del nuevo sistema de transporte p\u00fablico alineado con el gobierno de AMERICO VILLARREAL tendiente a abrir nuevas rutas que dignifiquen este servicio de transporte colectivo.<\/p>\n<p>Se llama \u201cCONECTA\u201d con unidades nuevas que no solo reducen la contaminaci\u00f3n, ahorran combustible, producen menos ruido y tienen una mayor eficiencia energ\u00e9tica.<\/p>\n<p>Con ellas se cuida el medio ambiente y se presta un servicio a la sociedad.<\/p>\n<p>Con el ingreso de 368 estudiantes a las cuatro licenciaturas que oferta la Universidad de Seguridad y Justicia y 203 alumnos en sus programas de Maestr\u00eda demuestra el inter\u00e9s del gobierno estatal por la profesionalizaci\u00f3n de las fuerzas de seguridad y el p\u00fablico en las carreras de Criminolog\u00eda, Ciencias Policiales, Seguridad P\u00fablica y Derecho.<\/p>\n<p>En la ciudad capital se est\u00e1 trabajando arduamente en la recuperaci\u00f3n de espacios p\u00fablicos y en todas las regiones del estado en un programa especial autorizado por el gobernador, obras que benefician directamente a los municipios.<\/p>\n<p>La Secretaria de Salud, ADRIANA MARCELA HERN\u00c1NDEZ CAMPOS tiene la buena costumbre de informar a la sociedad que est\u00e1 deseosa de escuchar buenas nuevas.<\/p>\n<p>La titular de la dependencia se\u00f1al\u00f3 que, a partir del 17 de abril, se inici\u00f3 el proceso de unificaci\u00f3n hacia un sistema de salud universal. Aunque esta transici\u00f3n tomar\u00e1 tiempo, en una primera etapa se llevar\u00e1 a cabo la credencializaci\u00f3n para identificar y registrar a las personas que requieren servicios m\u00e9dicos.<\/p>\n<p>A partir del segundo semestre del pr\u00f3ximo a\u00f1o, se ampliar\u00e1 la cobertura a servicios como estudios de laboratorio, gabinete, tomograf\u00edas y resonancias magn\u00e9ticas, de manera progresiva y sostenida.<\/p>\n<p>El Corredor Interejidal en la ciudad capital se consolida como un referente del turismo gastron\u00f3mico en Tamaulipas reflejando la experiencia de quienes visitan esta zona.<\/p>\n<p>Esta acci\u00f3n forma parte de una estrategia integral para fortalecer los destinos tur\u00edsticos y el turismo comunitario, generando beneficios directos para la poblaci\u00f3n de la zona centro.<\/p>\n<p>Este avance permitir\u00e1 a visitantes y turistas identificar de manera clara los puntos de inter\u00e9s del corredor, facilitando el acceso a una oferta gastron\u00f3mica diversa que incluye desde platillos tradicionales hasta preparaciones t\u00edpicas de la regi\u00f3n.<\/p>\n<p>Asimismo, subray\u00f3 que el Corredor Interejidal busca posicionarse como un destino tur\u00edstico atractivo, con espacios seguros y con identidad regional, que fomenten la convivencia familiar y promuevan el desarrollo econ\u00f3mico local.<\/p>\n<p>El secretario del Trabajo y Previsi\u00f3n Social, LUIS GERARDO ILLOLDI REYES, realiz\u00f3 visitas a empresas maquiladoras del municipio de Matamoros donde se promovieron encuentros productivos enfocados en identificar \u00e1reas de oportunidad que favorezcan la creaci\u00f3n de m\u00e1s y mejores empleos para las y los tamaulipecos.<\/p>\n<p>En su visita, indic\u00f3 que estas acciones forman parte de una estrategia integral para consolidar alianzas con el sector industrial, impulsar la competitividad y garantizar que el desarrollo econ\u00f3mico se traduzca en bienestar para las familias trabajadoras de Tamaulipas.<\/p>\n<p>La Universidad Tecnol\u00f3gica de Tamaulipas Norte (UTTN) de Reynosa, fue sede de la reuni\u00f3n de seguimiento del Cl\u00faster El\u00e9ctrico Electr\u00f3nico de Tamaulipas (CEET), impulsado por el Gobierno del Estado, a trav\u00e9s de la Secretar\u00eda de Econom\u00eda (SE), en coordinaci\u00f3n con diversas compa\u00f1\u00edas de estas importantes \u00e1reas industriales.<\/p>\n<p>Se cumpli\u00f3 el prop\u00f3sito de formalizar el inicio de actividades del cl\u00faster, as\u00ed como llevar a cabo el an\u00e1lisis para identificar y definir las necesidades y proyectos prioritarios de los asociados.<\/p>\n<p>La universidad Tecnol\u00f3gica de Tamaulipas Norte, es un elemento importante en la instalaci\u00f3n de este cl\u00faster, lo que refleja la confianza que las empresas tienen en la instituci\u00f3n, al formar a profesionistas con un alto perfil que se suma a \u00e1reas especializadas de dichas compa\u00f1\u00edas.<\/p>\n<p>La UAT tiene un m\u00e9rito m\u00e1s:<\/p>\n<p>Estudiantes de la Facultad de Comercio y Administraci\u00f3n Victoria (FCAV) de la Universidad Aut\u00f3noma de Tamaulipas (UAT) lograron el primer lugar nacional en el Marat\u00f3n de Contabilidad Gubernamental, destacando entre 380 equipos de diversas instituciones de educaci\u00f3n superior de todo el pa\u00eds.<\/p>\n<p>Este resultado cobra a\u00fan mayor relevancia al tratarse del segundo a\u00f1o consecutivo en que la representaci\u00f3n de la FCAV se mantiene invicta a nivel regional.<\/p>\n<p>El Marat\u00f3n de Contabilidad Gubernamental es promovido por el Instituto Mexicano de Contadores P\u00fablicos (IMCP).<\/p>\n<p>Sucedi\u00f3 en Reynosa. La C\u00f3nsul General de Estados Unidos en Matamoros, MARY VIRGINIA HANTSCH, fue recibida por el Alcalde CARLOS PE\u00d1A ORTIZ, con quien tuvo un di\u00e1logo sobre los intereses que en com\u00fan contribuyen a la colaboraci\u00f3n binacional desde esta frontera de Tamaulipas y Texas para dos grandes naciones, unidas por el r\u00edo Bravo.<\/p>\n<p>En su di\u00e1logo, la diplom\u00e1tica estadounidense, disfrut\u00f3 de un recorrido por el Museo del Ferrocarril, Historia, Arte y Maquila, donde ambos coincidieron en fomentar desde cada una de sus responsabilidades m\u00e1s acercamiento de las ciudades fronterizas y de ambos pa\u00edses.<\/p>\n<p>Mientras en la ciudad capital, el alcalde de Victoria EDUARDO GATT\u00c1S B\u00c1EZ, entreg\u00f3 las primeras 2 mil tarjetas de transporte escolar, que ser\u00e1n distribuidas a trav\u00e9s del Programa Lalob\u00fas, para el traslado gratuito de estudiantes a instituciones de nivel medio superior.<\/p>\n<p>\u201cEl Lalob\u00fas es el primer programa dise\u00f1ado por el gobierno municipal para apoyar la econom\u00eda y brindar un traslado seguro a los j\u00f3venes que estudian, con la tarjeta se busca agilizar el abordaje y que lleguen a tiempo a sus planteles\u201d se\u00f1al\u00f3 el alcalde GATT\u00c1S.<\/p>\n<p>AGENDA FRONTERIZA es una colaboraci\u00f3n de temas relacionados con el desarrollo econ\u00f3mico \u2013 pol\u00edtico del estado de Tamaulipas y sus municipios. Se distribuye a trav\u00e9s de la Agencia Informaci\u00f3n y An\u00e1lisis Estad\u00edstico.<\/p>\n<p>MI CORREO: humbertografico@yahoo.com.mx<\/p>\n","protected":false},"excerpt":{"rendered":"<p>SABADITO ALEGRE (25-Abril-2026).- Sobre mi mesa de trabajo se encuentran las notas que considero un&#8230;<\/p>\n","protected":false},"author":1,"featured_media":149410,"comment_status":"closed","ping_status":"closed","sticky":false,"template":"","format":"standard","meta":{"footnotes":"","jetpack_publicize_message":"","jetpack_publicize_feature_enabled":true,"jetpack_social_post_already_shared":true,"jetpack_social_options":{"image_generator_settings":{"template":"highway","default_image_id":0,"font":"","enabled":false},"version":2}},"categories":[23],"tags":[],"class_list":["post-210097","post","type-post","status-publish","format-standard","has-post-thumbnail","hentry","category-columnas"],"jetpack_publicize_connections":[],"_links":{"self":[{"href":"https:\/\/www.buroperiodistico.com.mx\/index.php?rest_route=\/wp\/v2\/posts\/210097","targetHints":{"allow":["GET"]}}],"collection":[{"href":"https:\/\/www.buroperiodistico.com.mx\/index.php?rest_route=\/wp\/v2\/posts"}],"about":[{"href":"https:\/\/www.buroperiodistico.com.mx\/index.php?rest_route=\/wp\/v2\/types\/post"}],"author":[{"embeddable":true,"href":"https:\/\/www.buroperiodistico.com.mx\/index.php?rest_route=\/wp\/v2\/users\/1"}],"replies":[{"embeddable":true,"href":"https:\/\/www.buroperiodistico.com.mx\/index.php?rest_route=%2Fwp%2Fv2%2Fcomments&post=210097"}],"version-history":[{"count":1,"href":"https:\/\/www.buroperiodistico.com.mx\/index.php?rest_route=\/wp\/v2\/posts\/210097\/revisions"}],"predecessor-version":[{"id":210098,"href":"https:\/\/www.buroperiodistico.com.mx\/index.php?rest_route=\/wp\/v2\/posts\/210097\/revisions\/210098"}],"wp:featuredmedia":[{"embeddable":true,"href":"https:\/\/www.buroperiodistico.com.mx\/index.php?rest_route=\/wp\/v2\/media\/149410"}],"wp:attachment":[{"href":"https:\/\/www.buroperiodistico.com.mx\/index.php?rest_route=%2Fwp%2Fv2%2Fmedia&parent=210097"}],"wp:term":[{"taxonomy":"category","embeddable":true,"href":"https:\/\/www.buroperiodistico.com.mx\/index.php?rest_route=%2Fwp%2Fv2%2Fcategories&post=210097"},{"taxonomy":"post_tag","embeddable":true,"href":"https:\/\/www.buroperiodistico.com.mx\/index.php?rest_route=%2Fwp%2Fv2%2Ftags&post=210097"}],"curies":[{"name":"wp","href":"https:\/\/api.w.org\/{rel}","templated":true}]}}