{"id":205984,"date":"2026-03-27T13:07:21","date_gmt":"2026-03-27T18:07:21","guid":{"rendered":"https:\/\/www.buroperiodistico.com.mx\/?p=205984"},"modified":"2026-03-28T13:09:07","modified_gmt":"2026-03-28T18:09:07","slug":"despiden-a-la-mitad-de-transitos-en-reynosa-por-quejas","status":"publish","type":"post","link":"https:\/\/www.buroperiodistico.com.mx\/?p=205984","title":{"rendered":"DESPIDEN A LA MITAD DE TRANSITOS EN REYNOSA POR QUEJAS"},"content":{"rendered":"<p><em><strong>Por: Citlali Blanco<\/strong><\/em><\/p>\n<p><em><strong><img loading=\"lazy\" decoding=\"async\" class=\" wp-image-205985 alignright\" src=\"https:\/\/www.buroperiodistico.com.mx\/wp-content\/uploads\/2026\/03\/Dexpz.jpeg\" alt=\"\" width=\"432\" height=\"292\" srcset=\"https:\/\/www.buroperiodistico.com.mx\/wp-content\/uploads\/2026\/03\/Dexpz.jpeg 1024w, https:\/\/www.buroperiodistico.com.mx\/wp-content\/uploads\/2026\/03\/Dexpz-300x203.jpeg 300w, https:\/\/www.buroperiodistico.com.mx\/wp-content\/uploads\/2026\/03\/Dexpz-768x520.jpeg 768w\" sizes=\"auto, (max-width: 432px) 100vw, 432px\" \/>REYNOSA. (Marzo 27, de 2026).-<\/strong><\/em> El gobierno de Reynosa ha despedido a m\u00e1s de la mitad del personal de Tr\u00e1nsito y Vialidad del Ayuntamiento por quejas o denuncias, revel\u00f3 Carlos Pe\u00f1a Ortiz, alcalde de la ciudad.<\/p>\n<p>\u201cCreo que del 2016 a la fecha la mitad del personal, y los comandantes tambi\u00e9n fueron dados de baja\u201d, revel\u00f3.<\/p>\n<p>En Reynosa, los \u00faltimos cuatro trienios han sido gobernados por la hoy senadora Maki Ortiz y su hijo, el alcalde reelecto, Carlos Pe\u00f1a.<\/p>\n<p>El edil habl\u00f3 de la corporaci\u00f3n tras conocerse del despido de agentes viales en Matamoros tras un operativo encubierto del alcalde de esa ciudad, Alberto Granados.<\/p>\n<p>Pe\u00f1a indic\u00f3 que el resultado de los operativos encubiertos en Reynosa fue el despido de much\u00edsimos agentes en sus dos gestiones como alcalde y en las dos anteriores que su madre \u2013Maki Ortiz- gobern\u00f3 en Reynosa.<\/p>\n<p>\u201cYa los hemos hecho y hemos corrido a much\u00edsimos, por eso, la verdad, tenemos muy poquitos Tr\u00e1nsitos, pero pues la verdad hemos corrido hasta a los comandantes\u201d, se\u00f1al\u00f3.<\/p>\n<p>\u201cSi el ciudadano pone una denuncia y nos comprueba, obviamente se le da de baja inmediatamente\u201d, advirti\u00f3.<\/p>\n<p>Pe\u00f1a manifest\u00f3 que no pueden tolerar abusos contra la ciudadan\u00eda en ninguna \u00e1rea.<\/p>\n<p>\u201cNo se imaginan la cantidad de gente que hemos corrido en varias \u00e1reas, no nada m\u00e1s de Tr\u00e1nsito\u201d, exclam\u00f3.<\/p>\n<p>Record\u00f3 que en su primera gesti\u00f3n de alcalde suspendi\u00f3 dos semanas completas a todo el personal por quejas colectivas.<\/p>\n<p>\u201cVarias veces hemos despedido por denuncias ciudadanas, por eso siempre estamos invitando a la ciudadan\u00eda que si ven a un agente pidiendo un moche, que los graben y los denuncien\u201d, dijo.<\/p>\n<p>Pero recomend\u00f3 que las quejas est\u00e9n fundadas, ya que muy seguido se topa con ciudadanos que reclaman ser infraccionados y tras revisar sus casos resulta que si estaban cometiendo una falta.<\/p>\n<p>\u201cVienen y reclaman, pero estaban en doble fila, en sentido contrario, esas son violaciones al C\u00f3digo Municipal, normalmente cuando las gr\u00faas van a las colonias es por denuncias de vecinos, que se incomodan porque se estacionan de manera equivocada y estorban a los dem\u00e1s\u201d, justific\u00f3.<\/p>\n<p>Indic\u00f3 que en Reynosa mucha gente maneja mal, que sacaron licencia de conducir pero sin pasar ex\u00e1menes de manejo, ni tienen capacitaci\u00f3n.<\/p>\n<p>\u201cAndan chocando en las esquinas, en los postes, y ponen en riesgo la vida de los reynosenses, andan sin licencia, sin placas, manejando si saber estacionarse, as\u00ed que tambi\u00e9n hay que ser ciudadanos responsables, hay muy mala cultura vial\u201d, reconoci\u00f3, \u201cson un peligro para la comunidad\u201d.<\/p>\n","protected":false},"excerpt":{"rendered":"<p>Por: Citlali Blanco REYNOSA. (Marzo 27, de 2026).- El gobierno de Reynosa ha despedido a&#8230;<\/p>\n","protected":false},"author":1,"featured_media":205985,"comment_status":"closed","ping_status":"closed","sticky":false,"template":"","format":"standard","meta":{"footnotes":"","jetpack_publicize_message":"","jetpack_publicize_feature_enabled":true,"jetpack_social_post_already_shared":true,"jetpack_social_options":{"image_generator_settings":{"template":"highway","default_image_id":0,"font":"","enabled":false},"version":2}},"categories":[9],"tags":[],"class_list":["post-205984","post","type-post","status-publish","format-standard","has-post-thumbnail","hentry","category-reynosa"],"jetpack_publicize_connections":[],"_links":{"self":[{"href":"https:\/\/www.buroperiodistico.com.mx\/index.php?rest_route=\/wp\/v2\/posts\/205984","targetHints":{"allow":["GET"]}}],"collection":[{"href":"https:\/\/www.buroperiodistico.com.mx\/index.php?rest_route=\/wp\/v2\/posts"}],"about":[{"href":"https:\/\/www.buroperiodistico.com.mx\/index.php?rest_route=\/wp\/v2\/types\/post"}],"author":[{"embeddable":true,"href":"https:\/\/www.buroperiodistico.com.mx\/index.php?rest_route=\/wp\/v2\/users\/1"}],"replies":[{"embeddable":true,"href":"https:\/\/www.buroperiodistico.com.mx\/index.php?rest_route=%2Fwp%2Fv2%2Fcomments&post=205984"}],"version-history":[{"count":1,"href":"https:\/\/www.buroperiodistico.com.mx\/index.php?rest_route=\/wp\/v2\/posts\/205984\/revisions"}],"predecessor-version":[{"id":205986,"href":"https:\/\/www.buroperiodistico.com.mx\/index.php?rest_route=\/wp\/v2\/posts\/205984\/revisions\/205986"}],"wp:featuredmedia":[{"embeddable":true,"href":"https:\/\/www.buroperiodistico.com.mx\/index.php?rest_route=\/wp\/v2\/media\/205985"}],"wp:attachment":[{"href":"https:\/\/www.buroperiodistico.com.mx\/index.php?rest_route=%2Fwp%2Fv2%2Fmedia&parent=205984"}],"wp:term":[{"taxonomy":"category","embeddable":true,"href":"https:\/\/www.buroperiodistico.com.mx\/index.php?rest_route=%2Fwp%2Fv2%2Fcategories&post=205984"},{"taxonomy":"post_tag","embeddable":true,"href":"https:\/\/www.buroperiodistico.com.mx\/index.php?rest_route=%2Fwp%2Fv2%2Ftags&post=205984"}],"curies":[{"name":"wp","href":"https:\/\/api.w.org\/{rel}","templated":true}]}}