{"id":205913,"date":"2026-03-22T19:16:45","date_gmt":"2026-03-23T00:16:45","guid":{"rendered":"https:\/\/www.buroperiodistico.com.mx\/?p=205913"},"modified":"2026-03-27T19:18:27","modified_gmt":"2026-03-28T00:18:27","slug":"propone-carlos-pena-desalinizar-agua-por-acuerdo-binacional","status":"publish","type":"post","link":"https:\/\/www.buroperiodistico.com.mx\/?p=205913","title":{"rendered":"PROPONE CARLOS PE\u00d1A DESALINIZAR AGUA POR ACUERDO BINACIONAL\u00a0"},"content":{"rendered":"<div class=\"x_elementToProof\">\n<div class=\"x_elementToProof\" data-olk-copy-source=\"MessageBody\"><em><strong>Por: Citlali Blanco\u00a0<\/strong><\/em><\/div>\n<\/div>\n<div class=\"x_elementToProof\">\n<div class=\"x_elementToProof\" aria-hidden=\"true\">\n<figure id=\"attachment_205914\" aria-describedby=\"caption-attachment-205914\" style=\"width: 407px\" class=\"wp-caption alignright\"><img loading=\"lazy\" decoding=\"async\" class=\" wp-image-205914\" src=\"https:\/\/www.buroperiodistico.com.mx\/wp-content\/uploads\/2026\/03\/IMG_8678.jpg\" alt=\"\" width=\"407\" height=\"255\" srcset=\"https:\/\/www.buroperiodistico.com.mx\/wp-content\/uploads\/2026\/03\/IMG_8678.jpg 1024w, https:\/\/www.buroperiodistico.com.mx\/wp-content\/uploads\/2026\/03\/IMG_8678-300x188.jpg 300w, https:\/\/www.buroperiodistico.com.mx\/wp-content\/uploads\/2026\/03\/IMG_8678-768x481.jpg 768w\" sizes=\"auto, (max-width: 407px) 100vw, 407px\" \/><figcaption id=\"caption-attachment-205914\" class=\"wp-caption-text\">Screenshot<\/figcaption><\/figure>\n<p><em><strong>REYNOSA. (Marzo 24 de 2026).-<\/strong><\/em> El trasvase de agua de la presa El Cuchillo y Marte R. G\u00f3mez para pagar deuda de agua a Estados Unidos debe convencernos de buscar desalinizar el agua del Golfo para consumo humano en proyectos binacionales, se\u00f1al\u00f3 Carlos Pe\u00f1a Ortiz, alcalde de Reynosa.<\/div>\n<\/div>\n<div class=\"x_elementToProof\">\n<div><\/div>\n<div class=\"x_elementToProof\">\u201cTenemos que estar viendo que proyectos para desalinizar el agua de mar de la costa tamaulipeca, es muy costosa desalinizar el agua, pero es m\u00e1s costoso no tener agua y\u00a0al d\u00eda de hoy\u00a0ya no tenemos\u201d, expres\u00f3.<\/div>\n<\/div>\n<div class=\"x_elementToProof\">\n<div><\/div>\n<div class=\"x_elementToProof\">El edil morenista enfatiz\u00f3 que ya van varias veces que las exigencias de Estados Unidos dejan sin agua a la frontera tamaulipeca, por lo que urge que el gobierno federal considere explotar el agua\u00a0salina\u00a0aunque resulte oneroso.<\/div>\n<\/div>\n<div class=\"x_elementToProof\">\n<div><\/div>\n<div class=\"x_elementToProof\">\u201cEn el tema del agua tambi\u00e9n tenemos un problema muy grave que se necesita tratar en la revisi\u00f3n del Tratado de Libre Comercio\u201d, exclam\u00f3, \u201cla seguridad h\u00eddrica de las ciudades de la frontera no est\u00e1 garantizada\u201d.<\/div>\n<\/div>\n<div class=\"x_elementToProof\">\n<div><\/div>\n<div class=\"x_elementToProof\">De hecho, adelant\u00f3, la Comisi\u00f3n Nacional del Agua ya\u00a0le\u00a0inform\u00f3 a los alcaldes de la frontera que tendr\u00e1n problemas de abasto muy fuertes en el pr\u00f3ximo verano, por lo que tienen que ser muy cautelosos en el uso\u00a0del agua.<\/div>\n<\/div>\n<div class=\"x_elementToProof\">\n<div><\/div>\n<div class=\"x_elementToProof\">\u201cPero espero que se tome en cuenta la opini\u00f3n de las ciudades de la frontera que se requiere\u00a0hacer de manera binacional para garantizar la seguridad h\u00eddrica a largo plazo, del lado mexicano y del lado americano\u201d, enfatiz\u00f3.<\/div>\n<\/div>\n<div class=\"x_elementToProof\">\n<div><\/div>\n<div class=\"x_elementToProof\">Para lograr esta idea, agreg\u00f3, se requiere inversiones en infraestructura como lo hacen los pa\u00edses del Golfo\u00a0P\u00e9rsico, como lo hacen\u00a0Iran, Qatar, Bahr\u00e9in,\u00a0como lo hace Egipto, Israel y otros.<\/div>\n<\/div>\n<div class=\"x_elementToProof\">\n<div><\/div>\n<div class=\"x_elementToProof\">Cuestionado sobre la legalidad de las extracciones de agua de las presas El Cuchillo y Marte R. G\u00f3mez para pagarle a Estados Unidos, el alcalde respondi\u00f3 que la respuesta de Conagua a los alcaldes es que hay amenazas de aranceles de Estados Unidos si incumple M\u00e9xico.<\/div>\n<\/div>\n<div class=\"x_elementToProof\">\n<div><\/div>\n<div class=\"x_elementToProof\">\u201cLa respuesta de Conagua es las presiones arancelarias, entendemos, sin\u00a0embargo\u00a0el a\u00f1o pasado en tres ocasiones que el gobierno americano presion\u00f3 \u00a0ala\u00a0Conagua nos dejaron sin agua aqu\u00ed en la frontera\u201d, record\u00f3.<\/div>\n<\/div>\n<div class=\"x_elementToProof\">\n<div><\/div>\n<div class=\"x_elementToProof\">Pe\u00f1a recalc\u00f3 que por esas presiones hubo tres meses del 2025 que en 48 horas Reynosa se vio sin agua cruda del R\u00edo Bravo, e igual les pas\u00f3 a muchas ciudades fronterizas.<\/div>\n<\/div>\n<div class=\"x_elementToProof\">\n<div><\/div>\n<div class=\"x_elementToProof\">\u201cEs important\u00edsimo que nosotros podamos llegar a un acuerdo \u2013en el TLC- para poder garantizar el abasto, ese tipo de cosas se\u00a0tiene \u00a0que\u00a0ir viendo con otra din\u00e1mica, no podemos\u00a0seguir dependiendo del gobierno americano, que de un d\u00eda para otro nos quiere quitar el agua y que le paguemos adeudos que son de a\u00f1os anteriores y que son imposibles de pagar porque ni siquiera tenemos esa agua disponible en estos momentos\u201d, advirti\u00f3.<\/div>\n<\/div>\n<div class=\"x_elementToProof\">\n<div><\/div>\n<div class=\"x_elementToProof\">La soluci\u00f3n definitiva, remarc\u00f3, es desalinizar el agua de municipios coste\u00f1os, ya sea de Matamoros, Soto La Marina, San Fernando, Tampico, Altamira y Madero.<\/div>\n<\/div>\n<div class=\"x_elementToProof\">\n<div><\/div>\n<div class=\"x_elementToProof\">\u201cCon pura agua desalinizada y que las ciudades de la frontera ahora s\u00ed se administren con aguas del r\u00edo Bravo\u201d, plante\u00f3.<\/div>\n<\/div>\n","protected":false},"excerpt":{"rendered":"<p>Por: Citlali Blanco\u00a0 REYNOSA. (Marzo 24 de 2026).- El trasvase de agua de la presa&#8230;<\/p>\n","protected":false},"author":1,"featured_media":205914,"comment_status":"closed","ping_status":"closed","sticky":false,"template":"","format":"standard","meta":{"footnotes":"","jetpack_publicize_message":"","jetpack_publicize_feature_enabled":true,"jetpack_social_post_already_shared":true,"jetpack_social_options":{"image_generator_settings":{"template":"highway","default_image_id":0,"font":"","enabled":false},"version":2}},"categories":[9],"tags":[],"class_list":["post-205913","post","type-post","status-publish","format-standard","has-post-thumbnail","hentry","category-reynosa"],"jetpack_publicize_connections":[],"_links":{"self":[{"href":"https:\/\/www.buroperiodistico.com.mx\/index.php?rest_route=\/wp\/v2\/posts\/205913","targetHints":{"allow":["GET"]}}],"collection":[{"href":"https:\/\/www.buroperiodistico.com.mx\/index.php?rest_route=\/wp\/v2\/posts"}],"about":[{"href":"https:\/\/www.buroperiodistico.com.mx\/index.php?rest_route=\/wp\/v2\/types\/post"}],"author":[{"embeddable":true,"href":"https:\/\/www.buroperiodistico.com.mx\/index.php?rest_route=\/wp\/v2\/users\/1"}],"replies":[{"embeddable":true,"href":"https:\/\/www.buroperiodistico.com.mx\/index.php?rest_route=%2Fwp%2Fv2%2Fcomments&post=205913"}],"version-history":[{"count":1,"href":"https:\/\/www.buroperiodistico.com.mx\/index.php?rest_route=\/wp\/v2\/posts\/205913\/revisions"}],"predecessor-version":[{"id":205915,"href":"https:\/\/www.buroperiodistico.com.mx\/index.php?rest_route=\/wp\/v2\/posts\/205913\/revisions\/205915"}],"wp:featuredmedia":[{"embeddable":true,"href":"https:\/\/www.buroperiodistico.com.mx\/index.php?rest_route=\/wp\/v2\/media\/205914"}],"wp:attachment":[{"href":"https:\/\/www.buroperiodistico.com.mx\/index.php?rest_route=%2Fwp%2Fv2%2Fmedia&parent=205913"}],"wp:term":[{"taxonomy":"category","embeddable":true,"href":"https:\/\/www.buroperiodistico.com.mx\/index.php?rest_route=%2Fwp%2Fv2%2Fcategories&post=205913"},{"taxonomy":"post_tag","embeddable":true,"href":"https:\/\/www.buroperiodistico.com.mx\/index.php?rest_route=%2Fwp%2Fv2%2Ftags&post=205913"}],"curies":[{"name":"wp","href":"https:\/\/api.w.org\/{rel}","templated":true}]}}