{"id":205895,"date":"2026-03-22T17:17:07","date_gmt":"2026-03-22T22:17:07","guid":{"rendered":"https:\/\/www.buroperiodistico.com.mx\/?p=205895"},"modified":"2026-03-27T17:18:31","modified_gmt":"2026-03-27T22:18:31","slug":"propone-morenista-sean-honorificos-cargos-de-regidores-y-diputados","status":"publish","type":"post","link":"https:\/\/www.buroperiodistico.com.mx\/?p=205895","title":{"rendered":"PROPONE MORENISTA SEAN HONORIFICOS CARGOS DE REGIDORES Y DIPUTADOS\u00a0"},"content":{"rendered":"<div class=\"x_elementToProof\">\n<div class=\"x_elementToProof\" data-olk-copy-source=\"MessageBody\"><em><strong>Por: Citlali Blanco\u00a0<\/strong><\/em><\/div>\n<\/div>\n<div class=\"x_elementToProof\">\n<div class=\"x_elementToProof\"><em><strong><img loading=\"lazy\" decoding=\"async\" class=\" wp-image-205896 alignright\" src=\"https:\/\/www.buroperiodistico.com.mx\/wp-content\/uploads\/2026\/03\/Propx.jpg\" alt=\"\" width=\"547\" height=\"421\" srcset=\"https:\/\/www.buroperiodistico.com.mx\/wp-content\/uploads\/2026\/03\/Propx.jpg 998w, https:\/\/www.buroperiodistico.com.mx\/wp-content\/uploads\/2026\/03\/Propx-300x231.jpg 300w, https:\/\/www.buroperiodistico.com.mx\/wp-content\/uploads\/2026\/03\/Propx-768x591.jpg 768w\" sizes=\"auto, (max-width: 547px) 100vw, 547px\" \/>REYNOSA. (Marzo 22, de 2026).-<\/strong><\/em> El alcalde morenista Carlos Pe\u00f1a Ortiz propuso que los cargos de regidores y diputados locales sean de car\u00e1cter honor\u00edfico, con sueldos simb\u00f3licos, como en Texas.<\/div>\n<\/div>\n<div class=\"x_elementToProof\">\n<div><\/div>\n<div class=\"x_elementToProof\">\u201cHay ciertos puestos que deber\u00edan ser de manera honor\u00edfica, no se deber\u00edan de cobrar\u201d, dijo, \u201cpor ejemplo las diputaciones locales y las regidur\u00edas\u201d.<\/div>\n<\/div>\n<div class=\"x_elementToProof\">\n<div><\/div>\n<div class=\"x_elementToProof\">Pe\u00f1a expres\u00f3 que est\u00e1\u00a0muy de acuerdo, inclusive dijo estar convencido de que deber\u00eda haber una reducci\u00f3n de diputados locales, de regidores.<\/div>\n<\/div>\n<div class=\"x_elementToProof\">\n<div><\/div>\n<div class=\"x_elementToProof\">\u201cEllos, la verdad, son\u00a0m\u00e1s\u00a0que nada un \u00f3rgano que vigila y\u00a0tambi\u00e9n\u00a0propone, pero la operatividad del d\u00eda con d\u00eda la llevan a cabo los ejecutivos, tanto federales, como estatales y municipales\u201d, afirm\u00f3.<\/div>\n<\/div>\n<div class=\"x_elementToProof\">\n<div><\/div>\n<div class=\"x_elementToProof\">Entonces, los puestos de Cabildo y del Congreso local tendr\u00edan que ser puestos donde no se cobre,\u00a0como sucede en Texas y Estados Unidos,\u00a0plante\u00f3.<\/div>\n<\/div>\n<div class=\"x_elementToProof\">\n<div><\/div>\n<div class=\"x_elementToProof\">\u201cAl final de cuentas es un orgullo estar sirviendo a ese tipo de puestos y creo que al igual que en el Estado de Texas, donde hay puestos que no se cobran, por\u00a0ejemplo\u00a0los comisionados, los concejales o regidores y tambi\u00e9n el equivalente a los diputados locales, ellos tampoco cobran\u201d, abund\u00f3.<\/div>\n<\/div>\n<div class=\"x_elementToProof\">\n<div><\/div>\n<div class=\"x_elementToProof\">Enfatiz\u00f3 que algunos concilios o cabildos en Texas otorgan un salario meramente simb\u00f3lico a sus regidores.<\/div>\n<\/div>\n<div class=\"x_elementToProof\">\n<div><\/div>\n<div class=\"x_elementToProof\">\u201cCreo que eso deber\u00eda aplicarse ac\u00e1, adem\u00e1s este tipo de representaciones no son de tiempo completo, son trabajos que son parciales, de vez en cuando, considero que ser\u00eda\u00a0bueno una iniciativa en ese sentido, que sean puestos honor\u00edficos\u201d, indic\u00f3.<\/div>\n<\/div>\n<div class=\"x_elementToProof\">\n<div><\/div>\n<div class=\"x_elementToProof\">Record\u00f3 que en sus inicios en la pol\u00edtica cuando su madre fue alcaldesa de la ciudad y su padre estaba enfermo, \u00e9l asumi\u00f3 la presidencia del DIF y del patronato, pero sin cobrar, era cargo honor\u00edfico.<\/div>\n<\/div>\n<div class=\"x_elementToProof\">\n<div><\/div>\n<div class=\"x_elementToProof\">\u201cComo los cargos en el DIF, yo fui presidente del Patronato del DIF, mi esposa es presidenta del DIF, son cargos honorarios,\u00a0son trabajos que no son de tiempo completo, no cobramos\u201d, apunt\u00f3.<\/div>\n<\/div>\n<div class=\"x_elementToProof\">\n<div class=\"x_elementToProof\">Pe\u00f1a\u00a0indi\u00e7\u00f3\u00a0que en las p\u00e1ginas de Transparencia de los Ayuntamientos est\u00e1n los salarios y pagos de compensaciones de los regidores, y en algunos municipios si son muy elevados.<\/div>\n<\/div>\n<div class=\"x_elementToProof\">\n<div><\/div>\n<div class=\"x_elementToProof\">\u201cComo alcalde si bajamos los sueldos, pero me criticaron mucho, ni modo\u201d, apunt\u00f3.<\/div>\n<\/div>\n","protected":false},"excerpt":{"rendered":"<p>Por: Citlali Blanco\u00a0 REYNOSA. (Marzo 22, de 2026).- El alcalde morenista Carlos Pe\u00f1a Ortiz propuso&#8230;<\/p>\n","protected":false},"author":1,"featured_media":205896,"comment_status":"closed","ping_status":"closed","sticky":false,"template":"","format":"standard","meta":{"footnotes":"","jetpack_publicize_message":"","jetpack_publicize_feature_enabled":true,"jetpack_social_post_already_shared":true,"jetpack_social_options":{"image_generator_settings":{"template":"highway","default_image_id":0,"font":"","enabled":false},"version":2}},"categories":[9],"tags":[],"class_list":["post-205895","post","type-post","status-publish","format-standard","has-post-thumbnail","hentry","category-reynosa"],"jetpack_publicize_connections":[],"_links":{"self":[{"href":"https:\/\/www.buroperiodistico.com.mx\/index.php?rest_route=\/wp\/v2\/posts\/205895","targetHints":{"allow":["GET"]}}],"collection":[{"href":"https:\/\/www.buroperiodistico.com.mx\/index.php?rest_route=\/wp\/v2\/posts"}],"about":[{"href":"https:\/\/www.buroperiodistico.com.mx\/index.php?rest_route=\/wp\/v2\/types\/post"}],"author":[{"embeddable":true,"href":"https:\/\/www.buroperiodistico.com.mx\/index.php?rest_route=\/wp\/v2\/users\/1"}],"replies":[{"embeddable":true,"href":"https:\/\/www.buroperiodistico.com.mx\/index.php?rest_route=%2Fwp%2Fv2%2Fcomments&post=205895"}],"version-history":[{"count":1,"href":"https:\/\/www.buroperiodistico.com.mx\/index.php?rest_route=\/wp\/v2\/posts\/205895\/revisions"}],"predecessor-version":[{"id":205897,"href":"https:\/\/www.buroperiodistico.com.mx\/index.php?rest_route=\/wp\/v2\/posts\/205895\/revisions\/205897"}],"wp:featuredmedia":[{"embeddable":true,"href":"https:\/\/www.buroperiodistico.com.mx\/index.php?rest_route=\/wp\/v2\/media\/205896"}],"wp:attachment":[{"href":"https:\/\/www.buroperiodistico.com.mx\/index.php?rest_route=%2Fwp%2Fv2%2Fmedia&parent=205895"}],"wp:term":[{"taxonomy":"category","embeddable":true,"href":"https:\/\/www.buroperiodistico.com.mx\/index.php?rest_route=%2Fwp%2Fv2%2Fcategories&post=205895"},{"taxonomy":"post_tag","embeddable":true,"href":"https:\/\/www.buroperiodistico.com.mx\/index.php?rest_route=%2Fwp%2Fv2%2Ftags&post=205895"}],"curies":[{"name":"wp","href":"https:\/\/api.w.org\/{rel}","templated":true}]}}