{"id":205892,"date":"2026-03-17T17:15:50","date_gmt":"2026-03-17T22:15:50","guid":{"rendered":"https:\/\/www.buroperiodistico.com.mx\/?p=205892"},"modified":"2026-03-27T17:17:02","modified_gmt":"2026-03-27T22:17:02","slug":"tendra-dos-presas-reynosa-en-2027","status":"publish","type":"post","link":"https:\/\/www.buroperiodistico.com.mx\/?p=205892","title":{"rendered":"TENDR\u00c1 DOS PRESAS REYNOSA EN 2027\u00a0"},"content":{"rendered":"<div class=\"x_elementToProof\">\n<div class=\"x_elementToProof\" data-olk-copy-source=\"MessageBody\"><em><strong>Por: Citlali Blanco\u00a0<\/strong><\/em><\/div>\n<\/div>\n<div class=\"x_elementToProof\">\n<div class=\"x_elementToProof\">\n<figure id=\"attachment_205893\" aria-describedby=\"caption-attachment-205893\" style=\"width: 441px\" class=\"wp-caption alignright\"><img loading=\"lazy\" decoding=\"async\" class=\" wp-image-205893\" src=\"https:\/\/www.buroperiodistico.com.mx\/wp-content\/uploads\/2026\/03\/Alcax-1.jpg\" alt=\"\" width=\"441\" height=\"281\" srcset=\"https:\/\/www.buroperiodistico.com.mx\/wp-content\/uploads\/2026\/03\/Alcax-1.jpg 1024w, https:\/\/www.buroperiodistico.com.mx\/wp-content\/uploads\/2026\/03\/Alcax-1-300x191.jpg 300w, https:\/\/www.buroperiodistico.com.mx\/wp-content\/uploads\/2026\/03\/Alcax-1-768x489.jpg 768w\" sizes=\"auto, (max-width: 441px) 100vw, 441px\" \/><figcaption id=\"caption-attachment-205893\" class=\"wp-caption-text\">Screenshot<\/figcaption><\/figure>\n<p><em><strong>REYNOSA. (Marzo 17, de 2026).-<\/strong><\/em>\u00a0En el a\u00f1o 2027 el ayuntamiento de Reynosa concluir\u00e1 las dos primeras presas reguladoras que\u00a0buscan evitar inundaciones en la ciudad ante lluvias at\u00edpicas e intensas, inform\u00f3 Carlos Pe\u00f1a Ortiz, alcalde de la ciudad.<\/div>\n<\/div>\n<div class=\"x_elementToProof\">\n<div><\/div>\n<div class=\"x_elementToProof\">\u201cSeguimos tambi\u00e9n con el tema de Banobras, ver el seguimiento de las presas que se tienen contempladas, en el 2027 vamos a terminar las dos, es un proyecto muy amplio, que dura 4 a\u00f1os, y que en el 2027 podremos terminar\u201d, se\u00f1al\u00f3.<\/div>\n<\/div>\n<div class=\"x_elementToProof\">\n<div><\/div>\n<div class=\"x_elementToProof\">Una de las principales promesas de\u00a0la primera\u00a0campa\u00f1a del edil morenista\u00a0(en el 2021-2024)\u00a0fue iniciar el proyecto de construcci\u00f3n de nueve presas reguladoras para evitar m\u00e1s cat\u00e1strofes por inundaciones en la ciudad.<\/div>\n<\/div>\n<div class=\"x_elementToProof\">\n<div><\/div>\n<div class=\"x_elementToProof\">\u201cPero aparte de esas dos presas se requieren siete m\u00e1s para poder desfogar el agua\u201d, record\u00f3.<\/div>\n<\/div>\n<div class=\"x_elementToProof\">\n<div><\/div>\n<div class=\"x_elementToProof\">Pe\u00f1a resalt\u00f3 que\u00a0desde d\u00e9cadas atr\u00e1s\u00a0hay muchas colonias que se hicieron sin permisos, inadecuadamente,\u00a0en terrenos irregulares, lotificados sin autorizaci\u00f3n\u00a0y sin servicios, pero con el paso de los a\u00f1os crecieron y se les dot\u00f3 de servicios primarios indebidamente para tener votos cautivos.<\/div>\n<\/div>\n<div class=\"x_elementToProof\">\n<div><\/div>\n<div class=\"x_elementToProof\">\u00a0\u201cNo se debieron haber construido, ni en zonas bajas, el d\u00eda de hoy estamos sufriendo eso porque no ten\u00edan permisos y mucha gente construy\u00f3, y hoy son lugares que se inunda\u201d, abund\u00f3.<\/div>\n<\/div>\n<div class=\"x_elementToProof\">\n<div><\/div>\n<div class=\"x_elementToProof\">El alcalde morenista enfatiz\u00f3 que ahora la visi\u00f3n de diferente, ya se fiscaliza bien los fraccionamientos y se les piden garant\u00edas para dotaci\u00f3n de servicios b\u00e1sicos, pero el da\u00f1o heredado del pasado ya\u00a0se\u00a0hizo.<\/div>\n<\/div>\n<div class=\"x_elementToProof\">\n<div><\/div>\n<div class=\"x_elementToProof\">\u201cAhora estamos viendo la manera de resolverlo, y una manera de hacerlo es con el tema de las presas, y el d\u00eda de hoy estamos haciendo dos, pero faltan siete m\u00e1s\u201d, enfatiz\u00f3.<\/div>\n<\/div>\n<div class=\"x_elementToProof\">\n<div><\/div>\n<div class=\"x_elementToProof\">Extern\u00f3 que ojal\u00e1 los\u00a0siguientes alcaldes se unan a este proyecto a largo plazo\u00a0de construcci\u00f3n de nueve presas estrat\u00e9gicas que retendr\u00e1n el agua de lluvia en el poniente, para evitar inundaciones en el oriente.<\/div>\n<\/div>\n<div class=\"x_elementToProof\">\n<div><\/div>\n<div class=\"x_elementToProof\">\u201cOjal\u00e1\u00a0podamos tener las nueve, y podamos tener una ciudad que no se perjudique cada vez que haya una lluvia torrencial\u201d, apunt\u00f3.<\/div>\n<\/div>\n<div class=\"x_elementToProof\">\n<div><\/div>\n<div class=\"x_elementToProof\">Pe\u00f1a recalc\u00f3 que aparte del Proyecto de las nueve presas, siguen trabajando en otros no menos importantes y que coadyuvar\u00e1n a prevenir inundaciones, obras de agua potable, drenaje y\u00a0colectores.<\/div>\n<\/div>\n<div class=\"x_elementToProof\">\n<div><\/div>\n<div class=\"x_elementToProof\">\u201cAparte,\u00a0seguimos con temas de agua potable y drenaje en la ciudad, y la reconversi\u00f3n del primer cuadro de la ciudad, son muchos proyectos en los que estamos trabajando. El proyecto de la Universidad de la\u00a0Salud\u00a0por ejemplo\u201d, acot\u00f3.<\/div>\n<\/div>\n","protected":false},"excerpt":{"rendered":"<p>Por: Citlali Blanco\u00a0 REYNOSA. (Marzo 17, de 2026).-\u00a0En el a\u00f1o 2027 el ayuntamiento de Reynosa&#8230;<\/p>\n","protected":false},"author":1,"featured_media":205893,"comment_status":"closed","ping_status":"closed","sticky":false,"template":"","format":"standard","meta":{"footnotes":"","jetpack_publicize_message":"","jetpack_publicize_feature_enabled":true,"jetpack_social_post_already_shared":true,"jetpack_social_options":{"image_generator_settings":{"template":"highway","default_image_id":0,"font":"","enabled":false},"version":2}},"categories":[9],"tags":[],"class_list":["post-205892","post","type-post","status-publish","format-standard","has-post-thumbnail","hentry","category-reynosa"],"jetpack_publicize_connections":[],"_links":{"self":[{"href":"https:\/\/www.buroperiodistico.com.mx\/index.php?rest_route=\/wp\/v2\/posts\/205892","targetHints":{"allow":["GET"]}}],"collection":[{"href":"https:\/\/www.buroperiodistico.com.mx\/index.php?rest_route=\/wp\/v2\/posts"}],"about":[{"href":"https:\/\/www.buroperiodistico.com.mx\/index.php?rest_route=\/wp\/v2\/types\/post"}],"author":[{"embeddable":true,"href":"https:\/\/www.buroperiodistico.com.mx\/index.php?rest_route=\/wp\/v2\/users\/1"}],"replies":[{"embeddable":true,"href":"https:\/\/www.buroperiodistico.com.mx\/index.php?rest_route=%2Fwp%2Fv2%2Fcomments&post=205892"}],"version-history":[{"count":1,"href":"https:\/\/www.buroperiodistico.com.mx\/index.php?rest_route=\/wp\/v2\/posts\/205892\/revisions"}],"predecessor-version":[{"id":205894,"href":"https:\/\/www.buroperiodistico.com.mx\/index.php?rest_route=\/wp\/v2\/posts\/205892\/revisions\/205894"}],"wp:featuredmedia":[{"embeddable":true,"href":"https:\/\/www.buroperiodistico.com.mx\/index.php?rest_route=\/wp\/v2\/media\/205893"}],"wp:attachment":[{"href":"https:\/\/www.buroperiodistico.com.mx\/index.php?rest_route=%2Fwp%2Fv2%2Fmedia&parent=205892"}],"wp:term":[{"taxonomy":"category","embeddable":true,"href":"https:\/\/www.buroperiodistico.com.mx\/index.php?rest_route=%2Fwp%2Fv2%2Fcategories&post=205892"},{"taxonomy":"post_tag","embeddable":true,"href":"https:\/\/www.buroperiodistico.com.mx\/index.php?rest_route=%2Fwp%2Fv2%2Ftags&post=205892"}],"curies":[{"name":"wp","href":"https:\/\/api.w.org\/{rel}","templated":true}]}}