{"id":204037,"date":"2026-03-14T12:40:44","date_gmt":"2026-03-14T17:40:44","guid":{"rendered":"https:\/\/www.buroperiodistico.com.mx\/?p=204037"},"modified":"2026-03-14T12:40:44","modified_gmt":"2026-03-14T17:40:44","slug":"guardia-estatal-asiste-en-accidente-con-lesionados-en-la-carretera-federal-101","status":"publish","type":"post","link":"https:\/\/www.buroperiodistico.com.mx\/?p=204037","title":{"rendered":"Guardia Estatal asiste en accidente con lesionados en la Carretera Federal 101"},"content":{"rendered":"<ul>\n<li><strong><em>Elementos con capacitaci\u00f3n en medicina t\u00e1ctica brindaron atenci\u00f3n prehospitalaria<\/em><\/strong><\/li>\n<\/ul>\n<p><strong><img loading=\"lazy\" decoding=\"async\" class=\" wp-image-204042 alignright\" src=\"https:\/\/www.buroperiodistico.com.mx\/wp-content\/uploads\/2026\/03\/Axxixsd.jpeg\" alt=\"\" width=\"500\" height=\"297\" srcset=\"https:\/\/www.buroperiodistico.com.mx\/wp-content\/uploads\/2026\/03\/Axxixsd.jpeg 1024w, https:\/\/www.buroperiodistico.com.mx\/wp-content\/uploads\/2026\/03\/Axxixsd-300x178.jpeg 300w, https:\/\/www.buroperiodistico.com.mx\/wp-content\/uploads\/2026\/03\/Axxixsd-768x456.jpeg 768w\" sizes=\"auto, (max-width: 500px) 100vw, 500px\" \/>Padilla, Tamaulipas (14-Marzo-2026).-<\/strong> Personal de la Guardia Estatal de Apoyo Carretero atendi\u00f3 accidente vehicular registrado en el kil\u00f3metro 69 de la Carretera Federal 101.<\/p>\n<p>Durante recorridos de seguridad y vigilancia en el carril de norte a sur observaron un cami\u00f3n de color blanco volcado fuera de la cinta asf\u00e1ltica.<\/p>\n<p>En el sitio se encontraron 15 personas del sexo femenino, quienes resultaron lesionadas a consecuencia del percance.<\/p>\n<p>Personal de la Guardia Estatal, que cuenta con capacitaci\u00f3n en atenci\u00f3n prehospitalaria, brind\u00f3 los primeros auxilios a las personas afectadas mientras se coordinaban las acciones de apoyo y atenci\u00f3n m\u00e9dica.<\/p>\n<p>La Secretar\u00eda de Seguridad P\u00fablica de Tamaulipas (SSPT) exhorta a los automovilistas a conducir con precauci\u00f3n y respetar los l\u00edmites de velocidad.<\/p>\n<p><img loading=\"lazy\" decoding=\"async\" class=\"aligncenter size-full wp-image-204038\" src=\"https:\/\/www.buroperiodistico.com.mx\/wp-content\/uploads\/2026\/03\/Axxixsd-I.jpeg\" alt=\"\" width=\"640\" height=\"480\" srcset=\"https:\/\/www.buroperiodistico.com.mx\/wp-content\/uploads\/2026\/03\/Axxixsd-I.jpeg 640w, https:\/\/www.buroperiodistico.com.mx\/wp-content\/uploads\/2026\/03\/Axxixsd-I-300x225.jpeg 300w\" sizes=\"auto, (max-width: 640px) 100vw, 640px\" \/> <img loading=\"lazy\" decoding=\"async\" class=\"aligncenter size-full wp-image-204041\" src=\"https:\/\/www.buroperiodistico.com.mx\/wp-content\/uploads\/2026\/03\/Axxixsd-IIII.jpeg\" alt=\"\" width=\"640\" height=\"480\" srcset=\"https:\/\/www.buroperiodistico.com.mx\/wp-content\/uploads\/2026\/03\/Axxixsd-IIII.jpeg 640w, https:\/\/www.buroperiodistico.com.mx\/wp-content\/uploads\/2026\/03\/Axxixsd-IIII-300x225.jpeg 300w\" sizes=\"auto, (max-width: 640px) 100vw, 640px\" \/> <img loading=\"lazy\" decoding=\"async\" class=\"aligncenter size-full wp-image-204040\" src=\"https:\/\/www.buroperiodistico.com.mx\/wp-content\/uploads\/2026\/03\/Axxixsd-III.jpeg\" alt=\"\" width=\"640\" height=\"480\" srcset=\"https:\/\/www.buroperiodistico.com.mx\/wp-content\/uploads\/2026\/03\/Axxixsd-III.jpeg 640w, https:\/\/www.buroperiodistico.com.mx\/wp-content\/uploads\/2026\/03\/Axxixsd-III-300x225.jpeg 300w\" sizes=\"auto, (max-width: 640px) 100vw, 640px\" \/> <img loading=\"lazy\" decoding=\"async\" class=\"aligncenter size-full wp-image-204039\" src=\"https:\/\/www.buroperiodistico.com.mx\/wp-content\/uploads\/2026\/03\/Axxixsd-II.jpeg\" alt=\"\" width=\"606\" height=\"480\" srcset=\"https:\/\/www.buroperiodistico.com.mx\/wp-content\/uploads\/2026\/03\/Axxixsd-II.jpeg 606w, https:\/\/www.buroperiodistico.com.mx\/wp-content\/uploads\/2026\/03\/Axxixsd-II-300x238.jpeg 300w\" sizes=\"auto, (max-width: 606px) 100vw, 606px\" \/><\/p>\n","protected":false},"excerpt":{"rendered":"<p>Elementos con capacitaci\u00f3n en medicina t\u00e1ctica brindaron atenci\u00f3n prehospitalaria Padilla, Tamaulipas (14-Marzo-2026).- Personal de la&#8230;<\/p>\n","protected":false},"author":1,"featured_media":204042,"comment_status":"closed","ping_status":"closed","sticky":false,"template":"","format":"standard","meta":{"footnotes":"","jetpack_publicize_message":"","jetpack_publicize_feature_enabled":true,"jetpack_social_post_already_shared":true,"jetpack_social_options":{"image_generator_settings":{"template":"highway","default_image_id":0,"font":"","enabled":false},"version":2}},"categories":[10],"tags":[],"class_list":["post-204037","post","type-post","status-publish","format-standard","has-post-thumbnail","hentry","category-tamaulipas"],"jetpack_publicize_connections":[],"_links":{"self":[{"href":"https:\/\/www.buroperiodistico.com.mx\/index.php?rest_route=\/wp\/v2\/posts\/204037","targetHints":{"allow":["GET"]}}],"collection":[{"href":"https:\/\/www.buroperiodistico.com.mx\/index.php?rest_route=\/wp\/v2\/posts"}],"about":[{"href":"https:\/\/www.buroperiodistico.com.mx\/index.php?rest_route=\/wp\/v2\/types\/post"}],"author":[{"embeddable":true,"href":"https:\/\/www.buroperiodistico.com.mx\/index.php?rest_route=\/wp\/v2\/users\/1"}],"replies":[{"embeddable":true,"href":"https:\/\/www.buroperiodistico.com.mx\/index.php?rest_route=%2Fwp%2Fv2%2Fcomments&post=204037"}],"version-history":[{"count":1,"href":"https:\/\/www.buroperiodistico.com.mx\/index.php?rest_route=\/wp\/v2\/posts\/204037\/revisions"}],"predecessor-version":[{"id":204043,"href":"https:\/\/www.buroperiodistico.com.mx\/index.php?rest_route=\/wp\/v2\/posts\/204037\/revisions\/204043"}],"wp:featuredmedia":[{"embeddable":true,"href":"https:\/\/www.buroperiodistico.com.mx\/index.php?rest_route=\/wp\/v2\/media\/204042"}],"wp:attachment":[{"href":"https:\/\/www.buroperiodistico.com.mx\/index.php?rest_route=%2Fwp%2Fv2%2Fmedia&parent=204037"}],"wp:term":[{"taxonomy":"category","embeddable":true,"href":"https:\/\/www.buroperiodistico.com.mx\/index.php?rest_route=%2Fwp%2Fv2%2Fcategories&post=204037"},{"taxonomy":"post_tag","embeddable":true,"href":"https:\/\/www.buroperiodistico.com.mx\/index.php?rest_route=%2Fwp%2Fv2%2Ftags&post=204037"}],"curies":[{"name":"wp","href":"https:\/\/api.w.org\/{rel}","templated":true}]}}