{"id":204033,"date":"2026-03-14T12:33:38","date_gmt":"2026-03-14T17:33:38","guid":{"rendered":"https:\/\/www.buroperiodistico.com.mx\/?p=204033"},"modified":"2026-03-14T12:33:38","modified_gmt":"2026-03-14T17:33:38","slug":"firma-comapa-contrato-colectivo-con-sindicato-de-jornaleros-y-obreros-industriales","status":"publish","type":"post","link":"https:\/\/www.buroperiodistico.com.mx\/?p=204033","title":{"rendered":"Firma COMAPA contrato colectivo con Sindicato de Jornaleros y Obreros Industriales"},"content":{"rendered":"<p><em><strong><img loading=\"lazy\" decoding=\"async\" class=\" wp-image-204035 alignright\" src=\"https:\/\/www.buroperiodistico.com.mx\/wp-content\/uploads\/2026\/03\/Compx-1.jpeg\" alt=\"\" width=\"480\" height=\"303\" srcset=\"https:\/\/www.buroperiodistico.com.mx\/wp-content\/uploads\/2026\/03\/Compx-1.jpeg 1024w, https:\/\/www.buroperiodistico.com.mx\/wp-content\/uploads\/2026\/03\/Compx-1-300x189.jpeg 300w, https:\/\/www.buroperiodistico.com.mx\/wp-content\/uploads\/2026\/03\/Compx-1-768x485.jpeg 768w\" sizes=\"auto, (max-width: 480px) 100vw, 480px\" \/>Reynosa, Tam (14-Marzo-2026).-<\/strong><\/em> La Comisi\u00f3n Municipal de Agua Potable y Alcantarillado de Reynosa llev\u00f3 a cabo la firma del Contrato Colectivo de Trabajo con el Sindicato de Jornaleros y Obreros Industriales, acto encabezado por el Gerente General del organismo, Felipe de Jes\u00fas Chiw Vega, acompa\u00f1ado por gerentes y coordinadores.<\/p>\n<p>Durante este encuentro participaron por parte del sindicato El\u00edas Guti\u00e9rrez, secretario general; Francisco Jerez de Le\u00f3n, secretario del Trabajo; y Ricardo Ortiz Alem\u00e1n, secretario de Actas y Acuerdos, quienes formaron parte de la formalizaci\u00f3n de este acuerdo laboral.<\/p>\n<p>Este acuerdo consolida una relaci\u00f3n de trabajo basada en el di\u00e1logo, el respeto y la colaboraci\u00f3n, reafirmando el compromiso de continuar trabajando en equipo para brindar un servicio de calidad a las familias de Reynosa.<\/p>\n<p><img loading=\"lazy\" decoding=\"async\" class=\"aligncenter size-full wp-image-204034\" src=\"https:\/\/www.buroperiodistico.com.mx\/wp-content\/uploads\/2026\/03\/Compx-I-2.jpeg\" alt=\"\" width=\"640\" height=\"427\" srcset=\"https:\/\/www.buroperiodistico.com.mx\/wp-content\/uploads\/2026\/03\/Compx-I-2.jpeg 640w, https:\/\/www.buroperiodistico.com.mx\/wp-content\/uploads\/2026\/03\/Compx-I-2-300x200.jpeg 300w\" sizes=\"auto, (max-width: 640px) 100vw, 640px\" \/><\/p>\n","protected":false},"excerpt":{"rendered":"<p>Reynosa, Tam (14-Marzo-2026).- La Comisi\u00f3n Municipal de Agua Potable y Alcantarillado de Reynosa llev\u00f3 a&#8230;<\/p>\n","protected":false},"author":1,"featured_media":204035,"comment_status":"closed","ping_status":"closed","sticky":false,"template":"","format":"standard","meta":{"footnotes":"","jetpack_publicize_message":"","jetpack_publicize_feature_enabled":true,"jetpack_social_post_already_shared":true,"jetpack_social_options":{"image_generator_settings":{"template":"highway","default_image_id":0,"font":"","enabled":false},"version":2}},"categories":[9],"tags":[],"class_list":["post-204033","post","type-post","status-publish","format-standard","has-post-thumbnail","hentry","category-reynosa"],"jetpack_publicize_connections":[],"_links":{"self":[{"href":"https:\/\/www.buroperiodistico.com.mx\/index.php?rest_route=\/wp\/v2\/posts\/204033","targetHints":{"allow":["GET"]}}],"collection":[{"href":"https:\/\/www.buroperiodistico.com.mx\/index.php?rest_route=\/wp\/v2\/posts"}],"about":[{"href":"https:\/\/www.buroperiodistico.com.mx\/index.php?rest_route=\/wp\/v2\/types\/post"}],"author":[{"embeddable":true,"href":"https:\/\/www.buroperiodistico.com.mx\/index.php?rest_route=\/wp\/v2\/users\/1"}],"replies":[{"embeddable":true,"href":"https:\/\/www.buroperiodistico.com.mx\/index.php?rest_route=%2Fwp%2Fv2%2Fcomments&post=204033"}],"version-history":[{"count":1,"href":"https:\/\/www.buroperiodistico.com.mx\/index.php?rest_route=\/wp\/v2\/posts\/204033\/revisions"}],"predecessor-version":[{"id":204036,"href":"https:\/\/www.buroperiodistico.com.mx\/index.php?rest_route=\/wp\/v2\/posts\/204033\/revisions\/204036"}],"wp:featuredmedia":[{"embeddable":true,"href":"https:\/\/www.buroperiodistico.com.mx\/index.php?rest_route=\/wp\/v2\/media\/204035"}],"wp:attachment":[{"href":"https:\/\/www.buroperiodistico.com.mx\/index.php?rest_route=%2Fwp%2Fv2%2Fmedia&parent=204033"}],"wp:term":[{"taxonomy":"category","embeddable":true,"href":"https:\/\/www.buroperiodistico.com.mx\/index.php?rest_route=%2Fwp%2Fv2%2Fcategories&post=204033"},{"taxonomy":"post_tag","embeddable":true,"href":"https:\/\/www.buroperiodistico.com.mx\/index.php?rest_route=%2Fwp%2Fv2%2Ftags&post=204033"}],"curies":[{"name":"wp","href":"https:\/\/api.w.org\/{rel}","templated":true}]}}