{"id":204000,"date":"2026-03-13T20:09:18","date_gmt":"2026-03-14T01:09:18","guid":{"rendered":"https:\/\/www.buroperiodistico.com.mx\/?p=204000"},"modified":"2026-03-13T20:09:18","modified_gmt":"2026-03-14T01:09:18","slug":"reciben-mujeres-privadas-de-la-libertad-conferencia-reconstruye-tu-vida-desde-adentro","status":"publish","type":"post","link":"https:\/\/www.buroperiodistico.com.mx\/?p=204000","title":{"rendered":"Reciben mujeres privadas de la libertad conferencia \u201cReconstruye tu vida desde adentro\u201d"},"content":{"rendered":"<ul>\n<li><strong><em>Esta actividad permite mejorar las relaciones interpersonales al interior del centro<\/em><\/strong><\/li>\n<\/ul>\n<p><strong><img loading=\"lazy\" decoding=\"async\" class=\" wp-image-204005 alignright\" src=\"https:\/\/www.buroperiodistico.com.mx\/wp-content\/uploads\/2026\/03\/SSPadentro.jpeg\" alt=\"\" width=\"483\" height=\"267\" srcset=\"https:\/\/www.buroperiodistico.com.mx\/wp-content\/uploads\/2026\/03\/SSPadentro.jpeg 1024w, https:\/\/www.buroperiodistico.com.mx\/wp-content\/uploads\/2026\/03\/SSPadentro-300x166.jpeg 300w, https:\/\/www.buroperiodistico.com.mx\/wp-content\/uploads\/2026\/03\/SSPadentro-768x425.jpeg 768w\" sizes=\"auto, (max-width: 483px) 100vw, 483px\" \/>Altamira, Tamaulipas (13-Marzo-2026).-<\/strong> Como parte de las actividades conmemorativas del D\u00eda Internacional de la Mujer, el Centro de Ejecuci\u00f3n de Sanciones (CEDES) del municipio de Altamira recibi\u00f3 a integrantes del voluntariado del Ayuntamiento, quienes impartieron la conferencia \u201cReconstruye tu vida desde adentro\u201d.<\/p>\n<p>La ponencia fue dirigida a la poblaci\u00f3n femenil del centro, a trav\u00e9s de este ejercicio, se invit\u00f3 a las participantes a realizar una introspecci\u00f3n sobre diversas tem\u00e1ticas, como el amor, \u00e9xito, felicidad, tristeza, entre otros.<\/p>\n<p>Esta actividad concluy\u00f3 con una meditaci\u00f3n y ejercicios de respiraci\u00f3n, estrategias de regulaci\u00f3n emocional que permiten mejorar las relaciones interpersonales al interior del centro.<\/p>\n<p>A trav\u00e9s de estas acciones, la Secretar\u00eda de Seguridad P\u00fablica de Tamaulipas da cumplimiento a lo establecido en la Ley Nacional de Ejecuci\u00f3n Penal e implementa una estrategia integral de reinserci\u00f3n social en la cual, la ciudadan\u00eda tiene una participaci\u00f3n activa.<\/p>\n<p><img loading=\"lazy\" decoding=\"async\" class=\"aligncenter size-full wp-image-204001\" src=\"https:\/\/www.buroperiodistico.com.mx\/wp-content\/uploads\/2026\/03\/SSPadentro-I.jpeg\" alt=\"\" width=\"640\" height=\"480\" srcset=\"https:\/\/www.buroperiodistico.com.mx\/wp-content\/uploads\/2026\/03\/SSPadentro-I.jpeg 640w, https:\/\/www.buroperiodistico.com.mx\/wp-content\/uploads\/2026\/03\/SSPadentro-I-300x225.jpeg 300w\" sizes=\"auto, (max-width: 640px) 100vw, 640px\" \/> <img loading=\"lazy\" decoding=\"async\" class=\"aligncenter size-full wp-image-204004\" src=\"https:\/\/www.buroperiodistico.com.mx\/wp-content\/uploads\/2026\/03\/SSPadentro-IIII.jpeg\" alt=\"\" width=\"640\" height=\"480\" srcset=\"https:\/\/www.buroperiodistico.com.mx\/wp-content\/uploads\/2026\/03\/SSPadentro-IIII.jpeg 640w, https:\/\/www.buroperiodistico.com.mx\/wp-content\/uploads\/2026\/03\/SSPadentro-IIII-300x225.jpeg 300w\" sizes=\"auto, (max-width: 640px) 100vw, 640px\" \/> <img loading=\"lazy\" decoding=\"async\" class=\"aligncenter size-full wp-image-204003\" src=\"https:\/\/www.buroperiodistico.com.mx\/wp-content\/uploads\/2026\/03\/SSPadentro-III.jpeg\" alt=\"\" width=\"640\" height=\"480\" srcset=\"https:\/\/www.buroperiodistico.com.mx\/wp-content\/uploads\/2026\/03\/SSPadentro-III.jpeg 640w, https:\/\/www.buroperiodistico.com.mx\/wp-content\/uploads\/2026\/03\/SSPadentro-III-300x225.jpeg 300w\" sizes=\"auto, (max-width: 640px) 100vw, 640px\" \/> <img loading=\"lazy\" decoding=\"async\" class=\"aligncenter size-full wp-image-204002\" src=\"https:\/\/www.buroperiodistico.com.mx\/wp-content\/uploads\/2026\/03\/SSPadentro-II.jpeg\" alt=\"\" width=\"640\" height=\"480\" srcset=\"https:\/\/www.buroperiodistico.com.mx\/wp-content\/uploads\/2026\/03\/SSPadentro-II.jpeg 640w, https:\/\/www.buroperiodistico.com.mx\/wp-content\/uploads\/2026\/03\/SSPadentro-II-300x225.jpeg 300w\" sizes=\"auto, (max-width: 640px) 100vw, 640px\" \/><\/p>\n","protected":false},"excerpt":{"rendered":"<p>Esta actividad permite mejorar las relaciones interpersonales al interior del centro Altamira, Tamaulipas (13-Marzo-2026).- Como&#8230;<\/p>\n","protected":false},"author":1,"featured_media":204005,"comment_status":"closed","ping_status":"closed","sticky":false,"template":"","format":"standard","meta":{"footnotes":"","jetpack_publicize_message":"","jetpack_publicize_feature_enabled":true,"jetpack_social_post_already_shared":true,"jetpack_social_options":{"image_generator_settings":{"template":"highway","default_image_id":0,"font":"","enabled":false},"version":2}},"categories":[10],"tags":[],"class_list":["post-204000","post","type-post","status-publish","format-standard","has-post-thumbnail","hentry","category-tamaulipas"],"jetpack_publicize_connections":[],"_links":{"self":[{"href":"https:\/\/www.buroperiodistico.com.mx\/index.php?rest_route=\/wp\/v2\/posts\/204000","targetHints":{"allow":["GET"]}}],"collection":[{"href":"https:\/\/www.buroperiodistico.com.mx\/index.php?rest_route=\/wp\/v2\/posts"}],"about":[{"href":"https:\/\/www.buroperiodistico.com.mx\/index.php?rest_route=\/wp\/v2\/types\/post"}],"author":[{"embeddable":true,"href":"https:\/\/www.buroperiodistico.com.mx\/index.php?rest_route=\/wp\/v2\/users\/1"}],"replies":[{"embeddable":true,"href":"https:\/\/www.buroperiodistico.com.mx\/index.php?rest_route=%2Fwp%2Fv2%2Fcomments&post=204000"}],"version-history":[{"count":1,"href":"https:\/\/www.buroperiodistico.com.mx\/index.php?rest_route=\/wp\/v2\/posts\/204000\/revisions"}],"predecessor-version":[{"id":204006,"href":"https:\/\/www.buroperiodistico.com.mx\/index.php?rest_route=\/wp\/v2\/posts\/204000\/revisions\/204006"}],"wp:featuredmedia":[{"embeddable":true,"href":"https:\/\/www.buroperiodistico.com.mx\/index.php?rest_route=\/wp\/v2\/media\/204005"}],"wp:attachment":[{"href":"https:\/\/www.buroperiodistico.com.mx\/index.php?rest_route=%2Fwp%2Fv2%2Fmedia&parent=204000"}],"wp:term":[{"taxonomy":"category","embeddable":true,"href":"https:\/\/www.buroperiodistico.com.mx\/index.php?rest_route=%2Fwp%2Fv2%2Fcategories&post=204000"},{"taxonomy":"post_tag","embeddable":true,"href":"https:\/\/www.buroperiodistico.com.mx\/index.php?rest_route=%2Fwp%2Fv2%2Ftags&post=204000"}],"curies":[{"name":"wp","href":"https:\/\/api.w.org\/{rel}","templated":true}]}}