{"id":203976,"date":"2026-03-13T18:48:30","date_gmt":"2026-03-13T23:48:30","guid":{"rendered":"https:\/\/www.buroperiodistico.com.mx\/?p=203976"},"modified":"2026-03-13T18:48:30","modified_gmt":"2026-03-13T23:48:30","slug":"es-ya-una-realidad-la-ley-grua-en-tamaulipas","status":"publish","type":"post","link":"https:\/\/www.buroperiodistico.com.mx\/?p=203976","title":{"rendered":"Es ya una realidad la Ley Gr\u00faa en Tamaulipas"},"content":{"rendered":"<ul>\n<li><strong><em>Ley promovida por la diputada Magaly De\u00e1ndar impedir\u00e1 a Tr\u00e1nsitos llevarse autos si est\u00e1 presente el conductor.<\/em><\/strong><\/li>\n<\/ul>\n<p><strong><img loading=\"lazy\" decoding=\"async\" class=\" wp-image-203980 alignright\" src=\"https:\/\/www.buroperiodistico.com.mx\/wp-content\/uploads\/2026\/03\/Leyx.jpg\" alt=\"\" width=\"516\" height=\"279\" srcset=\"https:\/\/www.buroperiodistico.com.mx\/wp-content\/uploads\/2026\/03\/Leyx.jpg 1110w, https:\/\/www.buroperiodistico.com.mx\/wp-content\/uploads\/2026\/03\/Leyx-300x162.jpg 300w, https:\/\/www.buroperiodistico.com.mx\/wp-content\/uploads\/2026\/03\/Leyx-1024x554.jpg 1024w, https:\/\/www.buroperiodistico.com.mx\/wp-content\/uploads\/2026\/03\/Leyx-768x415.jpg 768w\" sizes=\"auto, (max-width: 516px) 100vw, 516px\" \/>CIUDAD VICTORIA, TAM (13-Marzo-2026).-<\/strong> Este viernes entra en vigor la llamada \u201cLey Gr\u00faa\u201d que aprob\u00f3 el Congreso del Estado por unanimidad, a propuesta de la diputada reynosense Magaly De\u00e1ndar Robinson.<\/p>\n<p>Esta ley marca un precedente importante para los ciudadanos de Tamaulipas, sobre todo en #Reynosa, expres\u00f3 la Diputada #MagalyDeandar.<\/p>\n<p>Inform\u00f3 que con esta nueva disposici\u00f3n, si el conductor o propietario est\u00e1 presente antes de que la gr\u00faa inicie el traslado del veh\u00edculo, no podr\u00e1n llevarse la unidad ni cobrar maniobras, aplic\u00e1ndose \u00fanicamente la infracci\u00f3n correspondiente.<\/p>\n<p>\u201cAs\u00ed logramos responder a una demanda sentida de la poblaci\u00f3n: poner orden, evitar abusos y proteger la econom\u00eda de las familias. Hoy podemos decirlo con claridad: escuchar a la gente s\u00ed da resultados. \u00a1Va que va!\u201d, enfatiz\u00f3.<\/p>\n<p>En sus redes sociales, la \u201cT\u00eda Magaly\u201d as\u00ed anunci\u00f3 su logro:<\/p>\n<p>\u201cLa #LeyGr\u00faa es una realidad! \ud83d\udcaa\ud83c\udffc<\/p>\n<p>Hoy damos un paso importante para las y los ciudadanos de Tamaulipas. La llamada Ley Gr\u00faa es ya una realidad, y lo es gracias a la voluntad de construir acuerdos pensando en la gente.\u2705<\/p>\n<p>Durante mucho tiempo, muchas personas se sintieron afectadas e incluso agredidas por pr\u00e1cticas que generaban cargas econ\u00f3micas innecesarias. Escuchamos ese reclamo ciudadano y lo convertimos en una propuesta para que las sanciones sean justas y proporcionales.<\/p>\n<p>Esta reforma fue aprobada por unanimidad, lo que demuestra que cuando se trata de defender a la ciudadan\u00eda, las diferencias se dejan a un lado y se trabaja en unidad.<\/p>\n<p>Con esta nueva disposici\u00f3n, si el conductor o propietario est\u00e1 presente antes de que la gr\u00faa inicie el traslado del veh\u00edculo, no podr\u00e1n llevarse la unidad ni cobrar maniobras, aplic\u00e1ndose \u00fanicamente la infracci\u00f3n correspondiente.<\/p>\n<p>As\u00ed logramos responder a una demanda sentida de la poblaci\u00f3n: poner orden, evitar abusos y proteger la econom\u00eda de las familias.<\/p>\n<p>Hoy podemos decirlo con claridad: escuchar a la gente s\u00ed da resultados. \u00a1Va que va!\u201d, exclam\u00f3.<\/p>\n<p><img loading=\"lazy\" decoding=\"async\" class=\"aligncenter size-full wp-image-203977\" src=\"https:\/\/www.buroperiodistico.com.mx\/wp-content\/uploads\/2026\/03\/Leyx-I.jpg\" alt=\"\" width=\"640\" height=\"427\" srcset=\"https:\/\/www.buroperiodistico.com.mx\/wp-content\/uploads\/2026\/03\/Leyx-I.jpg 640w, https:\/\/www.buroperiodistico.com.mx\/wp-content\/uploads\/2026\/03\/Leyx-I-300x200.jpg 300w\" sizes=\"auto, (max-width: 640px) 100vw, 640px\" \/> <img loading=\"lazy\" decoding=\"async\" class=\"aligncenter size-full wp-image-203979\" src=\"https:\/\/www.buroperiodistico.com.mx\/wp-content\/uploads\/2026\/03\/Leyx-III.jpeg\" alt=\"\" width=\"640\" height=\"427\" srcset=\"https:\/\/www.buroperiodistico.com.mx\/wp-content\/uploads\/2026\/03\/Leyx-III.jpeg 640w, https:\/\/www.buroperiodistico.com.mx\/wp-content\/uploads\/2026\/03\/Leyx-III-300x200.jpeg 300w\" sizes=\"auto, (max-width: 640px) 100vw, 640px\" \/> <img loading=\"lazy\" decoding=\"async\" class=\"aligncenter size-full wp-image-203978\" src=\"https:\/\/www.buroperiodistico.com.mx\/wp-content\/uploads\/2026\/03\/Leyx-II.jpeg\" alt=\"\" width=\"640\" height=\"427\" srcset=\"https:\/\/www.buroperiodistico.com.mx\/wp-content\/uploads\/2026\/03\/Leyx-II.jpeg 640w, https:\/\/www.buroperiodistico.com.mx\/wp-content\/uploads\/2026\/03\/Leyx-II-300x200.jpeg 300w\" sizes=\"auto, (max-width: 640px) 100vw, 640px\" \/><\/p>\n","protected":false},"excerpt":{"rendered":"<p>Ley promovida por la diputada Magaly De\u00e1ndar impedir\u00e1 a Tr\u00e1nsitos llevarse autos si est\u00e1 presente&#8230;<\/p>\n","protected":false},"author":1,"featured_media":203980,"comment_status":"closed","ping_status":"closed","sticky":false,"template":"","format":"standard","meta":{"footnotes":"","jetpack_publicize_message":"","jetpack_publicize_feature_enabled":true,"jetpack_social_post_already_shared":true,"jetpack_social_options":{"image_generator_settings":{"template":"highway","default_image_id":0,"font":"","enabled":false},"version":2}},"categories":[17,25],"tags":[],"class_list":["post-203976","post","type-post","status-publish","format-standard","has-post-thumbnail","hentry","category-ciudadvictoria","category-portada"],"jetpack_publicize_connections":[],"_links":{"self":[{"href":"https:\/\/www.buroperiodistico.com.mx\/index.php?rest_route=\/wp\/v2\/posts\/203976","targetHints":{"allow":["GET"]}}],"collection":[{"href":"https:\/\/www.buroperiodistico.com.mx\/index.php?rest_route=\/wp\/v2\/posts"}],"about":[{"href":"https:\/\/www.buroperiodistico.com.mx\/index.php?rest_route=\/wp\/v2\/types\/post"}],"author":[{"embeddable":true,"href":"https:\/\/www.buroperiodistico.com.mx\/index.php?rest_route=\/wp\/v2\/users\/1"}],"replies":[{"embeddable":true,"href":"https:\/\/www.buroperiodistico.com.mx\/index.php?rest_route=%2Fwp%2Fv2%2Fcomments&post=203976"}],"version-history":[{"count":2,"href":"https:\/\/www.buroperiodistico.com.mx\/index.php?rest_route=\/wp\/v2\/posts\/203976\/revisions"}],"predecessor-version":[{"id":203982,"href":"https:\/\/www.buroperiodistico.com.mx\/index.php?rest_route=\/wp\/v2\/posts\/203976\/revisions\/203982"}],"wp:featuredmedia":[{"embeddable":true,"href":"https:\/\/www.buroperiodistico.com.mx\/index.php?rest_route=\/wp\/v2\/media\/203980"}],"wp:attachment":[{"href":"https:\/\/www.buroperiodistico.com.mx\/index.php?rest_route=%2Fwp%2Fv2%2Fmedia&parent=203976"}],"wp:term":[{"taxonomy":"category","embeddable":true,"href":"https:\/\/www.buroperiodistico.com.mx\/index.php?rest_route=%2Fwp%2Fv2%2Fcategories&post=203976"},{"taxonomy":"post_tag","embeddable":true,"href":"https:\/\/www.buroperiodistico.com.mx\/index.php?rest_route=%2Fwp%2Fv2%2Ftags&post=203976"}],"curies":[{"name":"wp","href":"https:\/\/api.w.org\/{rel}","templated":true}]}}