{"id":203970,"date":"2026-03-13T17:27:19","date_gmt":"2026-03-13T22:27:19","guid":{"rendered":"https:\/\/www.buroperiodistico.com.mx\/?p=203970"},"modified":"2026-03-13T17:27:19","modified_gmt":"2026-03-13T22:27:19","slug":"omision-de-pension-alimenticia-sera-violencia-economica","status":"publish","type":"post","link":"https:\/\/www.buroperiodistico.com.mx\/?p=203970","title":{"rendered":"Omisi\u00f3n de pensi\u00f3n alimenticia ser\u00e1 violencia econ\u00f3mica"},"content":{"rendered":"<p><em><strong><img loading=\"lazy\" decoding=\"async\" class=\" wp-image-203971 alignright\" src=\"https:\/\/www.buroperiodistico.com.mx\/wp-content\/uploads\/2026\/03\/Congrexox.jpeg\" alt=\"\" width=\"459\" height=\"295\" srcset=\"https:\/\/www.buroperiodistico.com.mx\/wp-content\/uploads\/2026\/03\/Congrexox.jpeg 1024w, https:\/\/www.buroperiodistico.com.mx\/wp-content\/uploads\/2026\/03\/Congrexox-300x193.jpeg 300w, https:\/\/www.buroperiodistico.com.mx\/wp-content\/uploads\/2026\/03\/Congrexox-768x494.jpeg 768w\" sizes=\"auto, (max-width: 459px) 100vw, 459px\" \/>Cd. Victoria, Tam (13-Marzo-2026).-<\/strong><\/em> Propone diputada incluir de manera expl\u00edcita la omisi\u00f3n total o parcial en el pago de pensi\u00f3n alimenticia como violencia econ\u00f3mica en la Ley para Prevenir, Atender, Sancionar y Erradicar la Violencia contra las Mujeres del Estado de Tamaulipas.<\/p>\n<p>\u201cLa violencia econ\u00f3mica limita la autonom\u00eda de las mujeres y afecta directamente su capacidad de subsistencia. Reconocer expl\u00edcitamente la omisi\u00f3n de pensi\u00f3n alimenticia como una forma de violencia econ\u00f3mica es un paso fundamental para proteger los derechos de las mujeres y de la infancia en Tamaulipas\u201d, destac\u00f3 la legisladora Castro Armenta.<\/p>\n<p>La diputada se\u00f1al\u00f3 que esta medida permitir\u00e1 a las autoridades activar mecanismos de protecci\u00f3n m\u00e1s claros y eficaces, garantizando el cumplimiento de las obligaciones alimentarias y fortaleciendo la seguridad econ\u00f3mica de los hogares.<\/p>\n<p>\u201cLa omisi\u00f3n de pensi\u00f3n alimenticia no es solo un problema econ\u00f3mico, sino tambi\u00e9n social y emocional. Con esta reforma, buscamos visibilizar esta forma de violencia y enviar un mensaje claro sobre la corresponsabilidad en el cuidado y sostenimiento de las familias\u201d, se\u00f1al\u00f3.<\/p>\n<p>\u201cCon esta iniciativa, Tamaulipas avanza hacia un marco normativo m\u00e1s s\u00f3lido y en armon\u00eda con los est\u00e1ndares nacionales e internacionales en materia de igualdad de g\u00e9nero y derechos humanos\u201d, concluy\u00f3 la diputada.<\/p>\n<p>La propuesta fue turnada a las Comisiones de Estudios Legislativos Primera y de Igualdad de G\u00e9nero y de la Diversidad para su an\u00e1lisis y dictamen.<\/p>\n","protected":false},"excerpt":{"rendered":"<p>Cd. Victoria, Tam (13-Marzo-2026).- Propone diputada incluir de manera expl\u00edcita la omisi\u00f3n total o parcial&#8230;<\/p>\n","protected":false},"author":1,"featured_media":203971,"comment_status":"closed","ping_status":"closed","sticky":false,"template":"","format":"standard","meta":{"footnotes":"","jetpack_publicize_message":"","jetpack_publicize_feature_enabled":true,"jetpack_social_post_already_shared":true,"jetpack_social_options":{"image_generator_settings":{"template":"highway","default_image_id":0,"font":"","enabled":false},"version":2}},"categories":[17],"tags":[],"class_list":["post-203970","post","type-post","status-publish","format-standard","has-post-thumbnail","hentry","category-ciudadvictoria"],"jetpack_publicize_connections":[],"_links":{"self":[{"href":"https:\/\/www.buroperiodistico.com.mx\/index.php?rest_route=\/wp\/v2\/posts\/203970","targetHints":{"allow":["GET"]}}],"collection":[{"href":"https:\/\/www.buroperiodistico.com.mx\/index.php?rest_route=\/wp\/v2\/posts"}],"about":[{"href":"https:\/\/www.buroperiodistico.com.mx\/index.php?rest_route=\/wp\/v2\/types\/post"}],"author":[{"embeddable":true,"href":"https:\/\/www.buroperiodistico.com.mx\/index.php?rest_route=\/wp\/v2\/users\/1"}],"replies":[{"embeddable":true,"href":"https:\/\/www.buroperiodistico.com.mx\/index.php?rest_route=%2Fwp%2Fv2%2Fcomments&post=203970"}],"version-history":[{"count":1,"href":"https:\/\/www.buroperiodistico.com.mx\/index.php?rest_route=\/wp\/v2\/posts\/203970\/revisions"}],"predecessor-version":[{"id":203972,"href":"https:\/\/www.buroperiodistico.com.mx\/index.php?rest_route=\/wp\/v2\/posts\/203970\/revisions\/203972"}],"wp:featuredmedia":[{"embeddable":true,"href":"https:\/\/www.buroperiodistico.com.mx\/index.php?rest_route=\/wp\/v2\/media\/203971"}],"wp:attachment":[{"href":"https:\/\/www.buroperiodistico.com.mx\/index.php?rest_route=%2Fwp%2Fv2%2Fmedia&parent=203970"}],"wp:term":[{"taxonomy":"category","embeddable":true,"href":"https:\/\/www.buroperiodistico.com.mx\/index.php?rest_route=%2Fwp%2Fv2%2Fcategories&post=203970"},{"taxonomy":"post_tag","embeddable":true,"href":"https:\/\/www.buroperiodistico.com.mx\/index.php?rest_route=%2Fwp%2Fv2%2Ftags&post=203970"}],"curies":[{"name":"wp","href":"https:\/\/api.w.org\/{rel}","templated":true}]}}