{"id":203962,"date":"2026-03-13T17:21:46","date_gmt":"2026-03-13T22:21:46","guid":{"rendered":"https:\/\/www.buroperiodistico.com.mx\/?p=203962"},"modified":"2026-03-13T17:21:46","modified_gmt":"2026-03-13T22:21:46","slug":"canaco-reynosa-conmemora-el-dia-internacional-de-la-mujer-con-conferencia-sobre-liderazgo-femenino","status":"publish","type":"post","link":"https:\/\/www.buroperiodistico.com.mx\/?p=203962","title":{"rendered":"CANACO REYNOSA CONMEMORA EL D\u00cdA INTERNACIONAL DE LA MUJER CON CONFERENCIA SOBRE LIDERAZGO FEMENINO"},"content":{"rendered":"<p><strong><em><img loading=\"lazy\" decoding=\"async\" class=\" wp-image-203968 alignright\" src=\"https:\/\/www.buroperiodistico.com.mx\/wp-content\/uploads\/2026\/03\/Canaxax.jpeg\" alt=\"\" width=\"491\" height=\"281\" srcset=\"https:\/\/www.buroperiodistico.com.mx\/wp-content\/uploads\/2026\/03\/Canaxax.jpeg 1024w, https:\/\/www.buroperiodistico.com.mx\/wp-content\/uploads\/2026\/03\/Canaxax-300x172.jpeg 300w, https:\/\/www.buroperiodistico.com.mx\/wp-content\/uploads\/2026\/03\/Canaxax-768x440.jpeg 768w\" sizes=\"auto, (max-width: 491px) 100vw, 491px\" \/>Reynosa, Tamaulipas(13 de marzo de 2026).-<\/em> <\/strong>En el marco de las actividades conmemorativas por el D\u00eda Internacional de la Mujer, la C\u00e1mara Nacional de Comercio, Servicios y Turismo de Reynosa (CANACO Reynosa) llev\u00f3 a cabo un encuentro especial dirigido a mujeres emprendedoras, empresarias y l\u00edderes de diversos sectores, reafirmando su compromiso con el fortalecimiento del liderazgo femenino y el desarrollo econ\u00f3mico local.<\/p>\n<p>El evento se realiz\u00f3 el 13 de marzo de 2026, en la Sala de Juntas de CANACO Reynosa, de y fue moderado por la Lic. Erika Banda Berm\u00fadez, Secretaria del organismo.<\/p>\n<p>En punto de las 9:00 de la ma\u00f1ana, se dieron cita m\u00e1s de 40 mujeres emprendedoras, empresarias y l\u00edderes, provenientes de distintos \u00e1mbitos como el altruismo, la educaci\u00f3n, la cultura, el arte, las finanzas y el comercio, as\u00ed como j\u00f3venes mujeres que actualmente inician sus proyectos empresariales. Tambi\u00e9n se cont\u00f3 con la presencia de integrantes del Consejo Directivo local de CANACO Reynosa.<\/p>\n<p>Como invitada especial particip\u00f3 la conferencista internacional Edith L\u00f3pez, especialista en liderazgo femenino, quien imparti\u00f3 la conferencia titulada \u201cDonde la mujer deja de sobrevivir, inicia el liderazgo\u201d, un mensaje especialmente preparado para mujeres que desarrollan su actividad en los diferentes sectores del comercio y los servicios.<\/p>\n<p>Durante la conferencia, la ponente abord\u00f3 temas relacionados con el empoderamiento, la toma de decisiones, la resiliencia y el liderazgo femenino, utilizando din\u00e1micas de grupo y espacios de participaci\u00f3n que permitieron a las asistentes reflexionar sobre su papel en el \u00e1mbito empresarial y social. El contenido de la charla gener\u00f3 momentos de profunda reflexi\u00f3n entre las participantes, al abordar experiencias y desaf\u00edos que muchas mujeres enfrentan en su desarrollo personal y profesional.<\/p>\n<p>Al finalizar la conferencia, el Presidente de CANACO Reynosa, Lic. Gildardo L\u00f3pez Hinojosa, dirigi\u00f3 un mensaje de agradecimiento a las asistentes, reconociendo la importancia del trabajo que realizan las mujeres para el crecimiento econ\u00f3mico y social de la ciudad.<\/p>\n<p>Durante su intervenci\u00f3n, el dirigente empresarial reiter\u00f3 la invitaci\u00f3n para que m\u00e1s mujeres participen activamente dentro de la C\u00e1mara de Comercio, fortaleciendo as\u00ed la representaci\u00f3n del sector empresarial femenino en la regi\u00f3n.<\/p>\n<p>El encuentro concluy\u00f3 a las 12:40 del mediod\u00eda, consolid\u00e1ndose como un espacio de di\u00e1logo, inspiraci\u00f3n y fortalecimiento del liderazgo femenino dentro del sector empresarial de Reynosa.<\/p>\n<p><img loading=\"lazy\" decoding=\"async\" class=\"aligncenter size-full wp-image-203963\" src=\"https:\/\/www.buroperiodistico.com.mx\/wp-content\/uploads\/2026\/03\/Canaxax-I.jpeg\" alt=\"\" width=\"638\" height=\"480\" srcset=\"https:\/\/www.buroperiodistico.com.mx\/wp-content\/uploads\/2026\/03\/Canaxax-I.jpeg 638w, https:\/\/www.buroperiodistico.com.mx\/wp-content\/uploads\/2026\/03\/Canaxax-I-300x226.jpeg 300w\" sizes=\"auto, (max-width: 638px) 100vw, 638px\" \/> <img loading=\"lazy\" decoding=\"async\" class=\"aligncenter size-full wp-image-203967\" src=\"https:\/\/www.buroperiodistico.com.mx\/wp-content\/uploads\/2026\/03\/Canaxax-IIIII.jpeg\" alt=\"\" width=\"640\" height=\"360\" srcset=\"https:\/\/www.buroperiodistico.com.mx\/wp-content\/uploads\/2026\/03\/Canaxax-IIIII.jpeg 640w, https:\/\/www.buroperiodistico.com.mx\/wp-content\/uploads\/2026\/03\/Canaxax-IIIII-300x169.jpeg 300w\" sizes=\"auto, (max-width: 640px) 100vw, 640px\" \/> <img loading=\"lazy\" decoding=\"async\" class=\"aligncenter size-full wp-image-203966\" src=\"https:\/\/www.buroperiodistico.com.mx\/wp-content\/uploads\/2026\/03\/Canaxax-IIII.jpeg\" alt=\"\" width=\"638\" height=\"480\" srcset=\"https:\/\/www.buroperiodistico.com.mx\/wp-content\/uploads\/2026\/03\/Canaxax-IIII.jpeg 638w, https:\/\/www.buroperiodistico.com.mx\/wp-content\/uploads\/2026\/03\/Canaxax-IIII-300x226.jpeg 300w\" sizes=\"auto, (max-width: 638px) 100vw, 638px\" \/> <img loading=\"lazy\" decoding=\"async\" class=\"aligncenter size-full wp-image-203965\" src=\"https:\/\/www.buroperiodistico.com.mx\/wp-content\/uploads\/2026\/03\/Canaxax-III.jpeg\" alt=\"\" width=\"550\" height=\"480\" srcset=\"https:\/\/www.buroperiodistico.com.mx\/wp-content\/uploads\/2026\/03\/Canaxax-III.jpeg 550w, https:\/\/www.buroperiodistico.com.mx\/wp-content\/uploads\/2026\/03\/Canaxax-III-300x262.jpeg 300w\" sizes=\"auto, (max-width: 550px) 100vw, 550px\" \/> <img loading=\"lazy\" decoding=\"async\" class=\"aligncenter size-full wp-image-203964\" src=\"https:\/\/www.buroperiodistico.com.mx\/wp-content\/uploads\/2026\/03\/Canaxax-II.jpeg\" alt=\"\" width=\"638\" height=\"480\" srcset=\"https:\/\/www.buroperiodistico.com.mx\/wp-content\/uploads\/2026\/03\/Canaxax-II.jpeg 638w, https:\/\/www.buroperiodistico.com.mx\/wp-content\/uploads\/2026\/03\/Canaxax-II-300x226.jpeg 300w\" sizes=\"auto, (max-width: 638px) 100vw, 638px\" \/><\/p>\n","protected":false},"excerpt":{"rendered":"<p>Reynosa, Tamaulipas(13 de marzo de 2026).- En el marco de las actividades conmemorativas por el&#8230;<\/p>\n","protected":false},"author":1,"featured_media":203968,"comment_status":"closed","ping_status":"closed","sticky":false,"template":"","format":"standard","meta":{"footnotes":"","jetpack_publicize_message":"","jetpack_publicize_feature_enabled":true,"jetpack_social_post_already_shared":true,"jetpack_social_options":{"image_generator_settings":{"template":"highway","default_image_id":0,"font":"","enabled":false},"version":2}},"categories":[9],"tags":[],"class_list":["post-203962","post","type-post","status-publish","format-standard","has-post-thumbnail","hentry","category-reynosa"],"jetpack_publicize_connections":[],"_links":{"self":[{"href":"https:\/\/www.buroperiodistico.com.mx\/index.php?rest_route=\/wp\/v2\/posts\/203962","targetHints":{"allow":["GET"]}}],"collection":[{"href":"https:\/\/www.buroperiodistico.com.mx\/index.php?rest_route=\/wp\/v2\/posts"}],"about":[{"href":"https:\/\/www.buroperiodistico.com.mx\/index.php?rest_route=\/wp\/v2\/types\/post"}],"author":[{"embeddable":true,"href":"https:\/\/www.buroperiodistico.com.mx\/index.php?rest_route=\/wp\/v2\/users\/1"}],"replies":[{"embeddable":true,"href":"https:\/\/www.buroperiodistico.com.mx\/index.php?rest_route=%2Fwp%2Fv2%2Fcomments&post=203962"}],"version-history":[{"count":1,"href":"https:\/\/www.buroperiodistico.com.mx\/index.php?rest_route=\/wp\/v2\/posts\/203962\/revisions"}],"predecessor-version":[{"id":203969,"href":"https:\/\/www.buroperiodistico.com.mx\/index.php?rest_route=\/wp\/v2\/posts\/203962\/revisions\/203969"}],"wp:featuredmedia":[{"embeddable":true,"href":"https:\/\/www.buroperiodistico.com.mx\/index.php?rest_route=\/wp\/v2\/media\/203968"}],"wp:attachment":[{"href":"https:\/\/www.buroperiodistico.com.mx\/index.php?rest_route=%2Fwp%2Fv2%2Fmedia&parent=203962"}],"wp:term":[{"taxonomy":"category","embeddable":true,"href":"https:\/\/www.buroperiodistico.com.mx\/index.php?rest_route=%2Fwp%2Fv2%2Fcategories&post=203962"},{"taxonomy":"post_tag","embeddable":true,"href":"https:\/\/www.buroperiodistico.com.mx\/index.php?rest_route=%2Fwp%2Fv2%2Ftags&post=203962"}],"curies":[{"name":"wp","href":"https:\/\/api.w.org\/{rel}","templated":true}]}}