{"id":203956,"date":"2026-03-13T17:15:54","date_gmt":"2026-03-13T22:15:54","guid":{"rendered":"https:\/\/www.buroperiodistico.com.mx\/?p=203956"},"modified":"2026-03-13T17:15:54","modified_gmt":"2026-03-13T22:15:54","slug":"lanza-itca-domingo-escenico-2026-nueva-convocatoria-del-parque-cultural-reynosa","status":"publish","type":"post","link":"https:\/\/www.buroperiodistico.com.mx\/?p=203956","title":{"rendered":"Lanza ITCA \u201cDomingo Esc\u00e9nico 2026\u201d, nueva convocatoria del Parque Cultural Reynosa"},"content":{"rendered":"<ul>\n<li><strong><em>El Instituto Tamaulipeco para la Cultura y las Artes da a conocer nueva convocatoria con el prop\u00f3sito de abrir espacios a la comunidad art\u00edstica en el norte del estado<\/em><\/strong><\/li>\n<\/ul>\n<p><strong><img loading=\"lazy\" decoding=\"async\" class=\" wp-image-203960 alignright\" src=\"https:\/\/www.buroperiodistico.com.mx\/wp-content\/uploads\/2026\/03\/ICAReynosa.jpeg\" alt=\"\" width=\"511\" height=\"321\" srcset=\"https:\/\/www.buroperiodistico.com.mx\/wp-content\/uploads\/2026\/03\/ICAReynosa.jpeg 1024w, https:\/\/www.buroperiodistico.com.mx\/wp-content\/uploads\/2026\/03\/ICAReynosa-300x188.jpeg 300w, https:\/\/www.buroperiodistico.com.mx\/wp-content\/uploads\/2026\/03\/ICAReynosa-768x482.jpeg 768w\" sizes=\"auto, (max-width: 511px) 100vw, 511px\" \/>Reynosa, Tamaulipas (13-Marzo-2026).-<\/strong> Adem\u00e1s de aperturar la din\u00e1mica art\u00edstica para compa\u00f1\u00edas esc\u00e9nicas de Tamaulipas, la convocatoria \u00abDomingo Esc\u00e9nico 2026&#8243;, del Parque Cultural Reynosa, busca fortalecer la calidad de vida de las familias tamaulipecas mediante el acercamiento a experiencias art\u00edsticas que fomenten el encuentro y la empat\u00eda\u00bb.<\/p>\n<p>\u00abQueremos que las unidades culturales de la regi\u00f3n sean espacios de convergencia vivos, con una oferta amplia y de calidad para la ciudadan\u00eda, y que adem\u00e1s la comunidad art\u00edstica pueda disponer de foros y oportunidades para exponer su trabajo de forma remunerada\u201d, destac\u00f3 H\u00e9ctor Romero &#8211; Lecanda, director general del Instituto Tamaulipeco para la Cultura y las Artes (ITCA).<\/p>\n<p>\u201cEsa justo ha sido la encomienda del gobernador Am\u00e9rico Villarreal Anaya y por ello estamos apostando por gestionar convocatorias que permitan cumplir ese prop\u00f3sito\u00bb, agreg\u00f3.<\/p>\n<p>La convocatoria est\u00e1 destinada a crear una nueva programaci\u00f3n en el Teatro Experimental del Centro de Arte y Cultura del Parque Cultural Reynosa, haciendo un llamado a artistas, colectivos y compa\u00f1\u00edas profesionales de danza, teatro y m\u00fasica de todo el estado a compartir su talento y conectar con nuevos p\u00fablicos.<\/p>\n<p style=\"text-align: center;\"><strong>LA CULTURA COMO UN PILAR DEL BIENESTAR: UN LLAMADO AL TALENTO TAMAULIPECO<\/strong><\/p>\n<p>Para conformar una cartelera diversa, incluyente y de alta calidad que visibilice los lenguajes y formatos presentes en la comunidad art\u00edstica del estado, la convocatoria Domingo Esc\u00e9nico busca propuestas ya estrenadas o por estrenar en las disciplinas de Teatro, Danza, M\u00fasica e Interdisciplina (para p\u00fablico infantil, juvenil, familiar o adulto).<\/p>\n<p>As\u00ed mismo, se anticipa que, sin ser factor determinante, que se tomar\u00e1n en cuenta propuestas que promuevan ejes tem\u00e1ticos como la inclusi\u00f3n (perspectiva de g\u00e9nero, diversidad y accesibilidad), experimentaci\u00f3n (nuevos lenguajes y cruces disciplinares), memoria e identidad, y formaci\u00f3n\/profesionalizaci\u00f3n.<\/p>\n<p>\u00abEl arte esc\u00e9nico tiene el poder de reflejar qui\u00e9nes somos y de transformar nuestra realidad diaria. Con &#8216;Domingo Esc\u00e9nico&#8217;, queremos que el Teatro Experimental sea un refugio creativo, un espacio vivo donde cada funci\u00f3n inspire a las personas y fortalezca el tejido social de nuestra comunidad\u00bb, indic\u00f3 Grecia Jim\u00e9nez Pe\u00f1a, directora del Parque Cultural Reynosa.<\/p>\n<p>Las compa\u00f1\u00edas y artistas que resulten beneficiarios, podr\u00e1n hacer uso del Teatro Experimental, con apoyo t\u00e9cnico y operativo y tendr\u00e1n la difusi\u00f3n en medios institucionales del Gobierno del Estado, la Secretar\u00eda de Bienestar Social de Tamaulipas y el ITCA.<\/p>\n<p>Adem\u00e1s, se establecer\u00e1 un esquema de taquilla altamente favorable para los creadores: 70% de los ingresos por boletaje para la compa\u00f1\u00eda y 30% para el recinto.<\/p>\n<p>Las agrupaciones interesadas podr\u00e1n postular hasta dos propuestas al correo parquecultural.reynosa@tamaulipas.gob.mx<\/p>\n<p>La convocatoria cierra el pr\u00f3ximo domingo 12 de abril del 2026 y las bases completas pueden consultarse en el siguiente enlace: https:\/\/bit.ly\/4bbal7j<\/p>\n<p><img loading=\"lazy\" decoding=\"async\" class=\"aligncenter size-full wp-image-203957\" src=\"https:\/\/www.buroperiodistico.com.mx\/wp-content\/uploads\/2026\/03\/ICAReynosa-I.jpeg\" alt=\"\" width=\"640\" height=\"427\" srcset=\"https:\/\/www.buroperiodistico.com.mx\/wp-content\/uploads\/2026\/03\/ICAReynosa-I.jpeg 640w, https:\/\/www.buroperiodistico.com.mx\/wp-content\/uploads\/2026\/03\/ICAReynosa-I-300x200.jpeg 300w\" sizes=\"auto, (max-width: 640px) 100vw, 640px\" \/> <img loading=\"lazy\" decoding=\"async\" class=\"aligncenter size-full wp-image-203959\" src=\"https:\/\/www.buroperiodistico.com.mx\/wp-content\/uploads\/2026\/03\/ICAReynosa-III.jpeg\" alt=\"\" width=\"640\" height=\"427\" srcset=\"https:\/\/www.buroperiodistico.com.mx\/wp-content\/uploads\/2026\/03\/ICAReynosa-III.jpeg 640w, https:\/\/www.buroperiodistico.com.mx\/wp-content\/uploads\/2026\/03\/ICAReynosa-III-300x200.jpeg 300w\" sizes=\"auto, (max-width: 640px) 100vw, 640px\" \/> <img loading=\"lazy\" decoding=\"async\" class=\"aligncenter size-full wp-image-203958\" src=\"https:\/\/www.buroperiodistico.com.mx\/wp-content\/uploads\/2026\/03\/ICAReynosa-II.jpeg\" alt=\"\" width=\"640\" height=\"427\" srcset=\"https:\/\/www.buroperiodistico.com.mx\/wp-content\/uploads\/2026\/03\/ICAReynosa-II.jpeg 640w, https:\/\/www.buroperiodistico.com.mx\/wp-content\/uploads\/2026\/03\/ICAReynosa-II-300x200.jpeg 300w\" sizes=\"auto, (max-width: 640px) 100vw, 640px\" \/><\/p>\n","protected":false},"excerpt":{"rendered":"<p>El Instituto Tamaulipeco para la Cultura y las Artes da a conocer nueva convocatoria con&#8230;<\/p>\n","protected":false},"author":1,"featured_media":203960,"comment_status":"closed","ping_status":"closed","sticky":false,"template":"","format":"standard","meta":{"footnotes":"","jetpack_publicize_message":"","jetpack_publicize_feature_enabled":true,"jetpack_social_post_already_shared":true,"jetpack_social_options":{"image_generator_settings":{"template":"highway","default_image_id":0,"font":"","enabled":false},"version":2}},"categories":[10],"tags":[],"class_list":["post-203956","post","type-post","status-publish","format-standard","has-post-thumbnail","hentry","category-tamaulipas"],"jetpack_publicize_connections":[],"_links":{"self":[{"href":"https:\/\/www.buroperiodistico.com.mx\/index.php?rest_route=\/wp\/v2\/posts\/203956","targetHints":{"allow":["GET"]}}],"collection":[{"href":"https:\/\/www.buroperiodistico.com.mx\/index.php?rest_route=\/wp\/v2\/posts"}],"about":[{"href":"https:\/\/www.buroperiodistico.com.mx\/index.php?rest_route=\/wp\/v2\/types\/post"}],"author":[{"embeddable":true,"href":"https:\/\/www.buroperiodistico.com.mx\/index.php?rest_route=\/wp\/v2\/users\/1"}],"replies":[{"embeddable":true,"href":"https:\/\/www.buroperiodistico.com.mx\/index.php?rest_route=%2Fwp%2Fv2%2Fcomments&post=203956"}],"version-history":[{"count":1,"href":"https:\/\/www.buroperiodistico.com.mx\/index.php?rest_route=\/wp\/v2\/posts\/203956\/revisions"}],"predecessor-version":[{"id":203961,"href":"https:\/\/www.buroperiodistico.com.mx\/index.php?rest_route=\/wp\/v2\/posts\/203956\/revisions\/203961"}],"wp:featuredmedia":[{"embeddable":true,"href":"https:\/\/www.buroperiodistico.com.mx\/index.php?rest_route=\/wp\/v2\/media\/203960"}],"wp:attachment":[{"href":"https:\/\/www.buroperiodistico.com.mx\/index.php?rest_route=%2Fwp%2Fv2%2Fmedia&parent=203956"}],"wp:term":[{"taxonomy":"category","embeddable":true,"href":"https:\/\/www.buroperiodistico.com.mx\/index.php?rest_route=%2Fwp%2Fv2%2Fcategories&post=203956"},{"taxonomy":"post_tag","embeddable":true,"href":"https:\/\/www.buroperiodistico.com.mx\/index.php?rest_route=%2Fwp%2Fv2%2Ftags&post=203956"}],"curies":[{"name":"wp","href":"https:\/\/api.w.org\/{rel}","templated":true}]}}