{"id":203943,"date":"2026-03-13T16:59:57","date_gmt":"2026-03-13T21:59:57","guid":{"rendered":"https:\/\/www.buroperiodistico.com.mx\/?p=203943"},"modified":"2026-03-13T16:59:57","modified_gmt":"2026-03-13T21:59:57","slug":"reporta-gobierno-de-tamaulipas-avance-del-90-en-control-de-incendio-forestal-en-jaumave","status":"publish","type":"post","link":"https:\/\/www.buroperiodistico.com.mx\/?p=203943","title":{"rendered":"Reporta gobierno de Tamaulipas avance del 90% en control de incendio forestal en Jaumave"},"content":{"rendered":"<p><em><strong><img loading=\"lazy\" decoding=\"async\" class=\" wp-image-203946 alignright\" src=\"https:\/\/www.buroperiodistico.com.mx\/wp-content\/uploads\/2026\/03\/CPCJaumave.jpeg\" alt=\"\" width=\"496\" height=\"299\" srcset=\"https:\/\/www.buroperiodistico.com.mx\/wp-content\/uploads\/2026\/03\/CPCJaumave.jpeg 1024w, https:\/\/www.buroperiodistico.com.mx\/wp-content\/uploads\/2026\/03\/CPCJaumave-300x181.jpeg 300w, https:\/\/www.buroperiodistico.com.mx\/wp-content\/uploads\/2026\/03\/CPCJaumave-768x463.jpeg 768w\" sizes=\"auto, (max-width: 496px) 100vw, 496px\" \/>Ciudad Victoria, Tamaulipas (13-Marzo-2026).-<\/strong><\/em> El Gobierno del Estado de Tamaulipas inform\u00f3 que, derivado del trabajo coordinado entre dependencias federales y estatales, se registran avances significativos en la atenci\u00f3n del incendio forestal localizado en el ejido \u00c1vila y Urbina, en el municipio de Jaumave.<\/p>\n<p>De acuerdo con el reporte del Centro Estatal de Manejo del Fuego (CEMF), el incendio presenta actualmente un 90 por ciento de control y un 80 por ciento de liquidaci\u00f3n, con una superficie aproximada de afectaci\u00f3n de una hect\u00e1rea.<\/p>\n<p>Las labores de combate y control se realizan mediante la coordinaci\u00f3n entre Protecci\u00f3n Civil Tamaulipas, la Secretar\u00eda de Desarrollo Urbano y Medio Ambiente (SEDUMA), la Secretar\u00eda de Desarrollo Rural y la Comisi\u00f3n Nacional Forestal (CONAFOR), con la participaci\u00f3n de brigadistas, autoridades y propietarios de la zona.<\/p>\n<p>El coordinador estatal de Protecci\u00f3n Civil, Luis Gerardo Gonz\u00e1lez de la Fuente, inform\u00f3 que en estas acciones participan 69 elementos de distintas corporaciones y brigadas, quienes realizan trabajos de combate directo, vigilancia y liquidaci\u00f3n para evitar la propagaci\u00f3n del fuego y proteger la zona forestal.<\/p>\n<p>Asimismo, destac\u00f3 el respaldo a\u00e9reo que fortaleci\u00f3 las labores de combate al incendio. \u201cPara reforzar las acciones en tierra, se cont\u00f3 con el apoyo de un helic\u00f3ptero Bell UH-1H con matr\u00edcula XC-LLW, el cual realiz\u00f3 dos descargas de agua que permitieron avanzar en el control del incendio\u201d, se\u00f1al\u00f3.<\/p>\n<p>Gonz\u00e1lez de la Fuente, dijo que estas acciones se realizan siguiendo la instrucci\u00f3n del gobernador del Estado, Am\u00e9rico Villarreal Anaya, de mantener una atenci\u00f3n oportuna y coordinada ante este tipo de contingencias, con el objetivo de proteger los recursos naturales y salvaguardar la seguridad de las comunidades cercanas.<\/p>\n<p>Gracias a la r\u00e1pida intervenci\u00f3n y coordinaci\u00f3n de las autoridades, se ha logrado contener el avance del fuego y evitar una mayor afectaci\u00f3n en la zona, manteniendo acciones de vigilancia para asegurar la completa liquidaci\u00f3n del siniestro.<\/p>\n<p>Por \u00faltimo se\u00f1al\u00f3 que el Gobierno del Estado reitera su compromiso de continuar trabajando de manera coordinada para la protecci\u00f3n del medio ambiente y el bienestar de las y los tamaulipecos.<\/p>\n<p><img loading=\"lazy\" decoding=\"async\" class=\"aligncenter size-full wp-image-203944\" src=\"https:\/\/www.buroperiodistico.com.mx\/wp-content\/uploads\/2026\/03\/CPCJaumave-I.jpeg\" alt=\"\" width=\"360\" height=\"640\" srcset=\"https:\/\/www.buroperiodistico.com.mx\/wp-content\/uploads\/2026\/03\/CPCJaumave-I.jpeg 360w, https:\/\/www.buroperiodistico.com.mx\/wp-content\/uploads\/2026\/03\/CPCJaumave-I-169x300.jpeg 169w\" sizes=\"auto, (max-width: 360px) 100vw, 360px\" \/> <img loading=\"lazy\" decoding=\"async\" class=\"aligncenter size-full wp-image-203945\" src=\"https:\/\/www.buroperiodistico.com.mx\/wp-content\/uploads\/2026\/03\/CPCJaumave-II.jpeg\" alt=\"\" width=\"360\" height=\"640\" srcset=\"https:\/\/www.buroperiodistico.com.mx\/wp-content\/uploads\/2026\/03\/CPCJaumave-II.jpeg 360w, https:\/\/www.buroperiodistico.com.mx\/wp-content\/uploads\/2026\/03\/CPCJaumave-II-169x300.jpeg 169w\" sizes=\"auto, (max-width: 360px) 100vw, 360px\" \/><\/p>\n","protected":false},"excerpt":{"rendered":"<p>Ciudad Victoria, Tamaulipas (13-Marzo-2026).- El Gobierno del Estado de Tamaulipas inform\u00f3 que, derivado del trabajo&#8230;<\/p>\n","protected":false},"author":1,"featured_media":203946,"comment_status":"closed","ping_status":"closed","sticky":false,"template":"","format":"standard","meta":{"footnotes":"","jetpack_publicize_message":"","jetpack_publicize_feature_enabled":true,"jetpack_social_post_already_shared":true,"jetpack_social_options":{"image_generator_settings":{"template":"highway","default_image_id":0,"font":"","enabled":false},"version":2}},"categories":[10],"tags":[],"class_list":["post-203943","post","type-post","status-publish","format-standard","has-post-thumbnail","hentry","category-tamaulipas"],"jetpack_publicize_connections":[],"_links":{"self":[{"href":"https:\/\/www.buroperiodistico.com.mx\/index.php?rest_route=\/wp\/v2\/posts\/203943","targetHints":{"allow":["GET"]}}],"collection":[{"href":"https:\/\/www.buroperiodistico.com.mx\/index.php?rest_route=\/wp\/v2\/posts"}],"about":[{"href":"https:\/\/www.buroperiodistico.com.mx\/index.php?rest_route=\/wp\/v2\/types\/post"}],"author":[{"embeddable":true,"href":"https:\/\/www.buroperiodistico.com.mx\/index.php?rest_route=\/wp\/v2\/users\/1"}],"replies":[{"embeddable":true,"href":"https:\/\/www.buroperiodistico.com.mx\/index.php?rest_route=%2Fwp%2Fv2%2Fcomments&post=203943"}],"version-history":[{"count":1,"href":"https:\/\/www.buroperiodistico.com.mx\/index.php?rest_route=\/wp\/v2\/posts\/203943\/revisions"}],"predecessor-version":[{"id":203947,"href":"https:\/\/www.buroperiodistico.com.mx\/index.php?rest_route=\/wp\/v2\/posts\/203943\/revisions\/203947"}],"wp:featuredmedia":[{"embeddable":true,"href":"https:\/\/www.buroperiodistico.com.mx\/index.php?rest_route=\/wp\/v2\/media\/203946"}],"wp:attachment":[{"href":"https:\/\/www.buroperiodistico.com.mx\/index.php?rest_route=%2Fwp%2Fv2%2Fmedia&parent=203943"}],"wp:term":[{"taxonomy":"category","embeddable":true,"href":"https:\/\/www.buroperiodistico.com.mx\/index.php?rest_route=%2Fwp%2Fv2%2Fcategories&post=203943"},{"taxonomy":"post_tag","embeddable":true,"href":"https:\/\/www.buroperiodistico.com.mx\/index.php?rest_route=%2Fwp%2Fv2%2Ftags&post=203943"}],"curies":[{"name":"wp","href":"https:\/\/api.w.org\/{rel}","templated":true}]}}