{"id":203932,"date":"2026-03-13T16:50:34","date_gmt":"2026-03-13T21:50:34","guid":{"rendered":"https:\/\/www.buroperiodistico.com.mx\/?p=203932"},"modified":"2026-03-13T16:50:34","modified_gmt":"2026-03-13T21:50:34","slug":"anuncia-gobierno-municipal-el-festival-del-taco-nld-2026-con-gran-fiesta-gastronomica","status":"publish","type":"post","link":"https:\/\/www.buroperiodistico.com.mx\/?p=203932","title":{"rendered":"ANUNCIA GOBIERNO MUNICIPAL EL FESTIVAL DEL TACO NLD 2026 CON GRAN FIESTA GASTRON\u00d3MICA"},"content":{"rendered":"<p dir=\"ltr\"><em><strong><img loading=\"lazy\" decoding=\"async\" class=\" wp-image-203934 alignright\" src=\"https:\/\/www.buroperiodistico.com.mx\/wp-content\/uploads\/2026\/03\/TACO-FEST.jpg\" alt=\"\" width=\"419\" height=\"256\" srcset=\"https:\/\/www.buroperiodistico.com.mx\/wp-content\/uploads\/2026\/03\/TACO-FEST.jpg 1024w, https:\/\/www.buroperiodistico.com.mx\/wp-content\/uploads\/2026\/03\/TACO-FEST-300x183.jpg 300w, https:\/\/www.buroperiodistico.com.mx\/wp-content\/uploads\/2026\/03\/TACO-FEST-768x470.jpg 768w\" sizes=\"auto, (max-width: 419px) 100vw, 419px\" \/>Nuevo Laredo, Tam (13-Marzo-2026).-<\/strong><\/em> En el marco del D\u00eda Nacional del Taco, el Gobierno Municipal de Nuevo Laredo, a trav\u00e9s de la Direcci\u00f3n de Turismo, anunci\u00f3 la realizaci\u00f3n del Festival del Taco NLD 2026, un evento gastron\u00f3mico que reunir\u00e1 a lo mejor del sabor local el pr\u00f3ximo 31 de marzo en la Explanada de la Independencia, en un horario de 4:00 de la tarde a 11:00 de la noche.<\/p>\n<p dir=\"ltr\">El festival contar\u00e1 con la participaci\u00f3n de 24 expositores, entre taquer\u00edas y restaurantes locales, quienes competir\u00e1n para obtener el reconocimiento al \u201cMejor Taco del Festival\u201d, una distinci\u00f3n que buscar\u00e1 premiar la creatividad, sabor y calidad de la gastronom\u00eda local.<\/p>\n<p dir=\"ltr\">Adem\u00e1s de degustar una gran variedad de tacos, el p\u00fablico asistente podr\u00e1 formar parte de din\u00e1micas y concursos dise\u00f1ados para hacer del evento una experiencia divertida y familiar. Entre ellos destacan los concursos \u201cTacorriendo\u201d y \u201cM\u00e1s Glot\u00f3n\u201d, en los que los participantes podr\u00e1n registrarse para poner a prueba su velocidad y apetito en torno a uno de los platillos m\u00e1s emblem\u00e1ticos de nuestra regi\u00f3n.<\/p>\n<p dir=\"ltr\">Para incentivar la participaci\u00f3n, los concursos contar\u00e1n con premios econ\u00f3micos para los primeros tres lugares, siendo 5 mil pesos para el primer lugar, 3 mil pesos para el segundo lugar y 2 mil pesos para el tercer lugar.<\/p>\n<p dir=\"ltr\">Como parte del impulso a las actividades que promueven la convivencia y el desarrollo econ\u00f3mico local, la presidenta municipal, Carmen Lilia Canturosas Villarreal, ha reiterado su compromiso de seguir respaldando eventos que fortalezcan el tejido social y generen espacios de encuentro para las familias neolaredenses.<\/p>\n<p dir=\"ltr\">Como parte del evento, tambi\u00e9n estar\u00e1n presentes expositores del programa \u201cHecho en Nuevo Laredo\u201d, iniciativa que impulsa a emprendedores y MiPyMEs locales que ofrecen servicios, artesan\u00edas y productos elaborados en la ciudad, brind\u00e1ndoles un espacio para promover y comercializar sus creaciones.<\/p>\n<p dir=\"ltr\">El director de Turismo Municipal, Alfredo Guarneros, destac\u00f3 que este tipo de actividades buscan fortalecer la identidad gastron\u00f3mica de la ciudad y generar mayor actividad tur\u00edstica.<\/p>\n<p dir=\"ltr\">\u201cEventos como el Festival del Taco permiten promover la riqueza gastron\u00f3mica de Nuevo Laredo, apoyar a los negocios locales y crear espacios de convivencia familiar. Nuestra intenci\u00f3n es seguir impulsando actividades que atraigan visitantes y posicionen a la ciudad como un destino donde tambi\u00e9n se vive y se disfruta la buena comida\u201d, expres\u00f3.<\/p>\n<p dir=\"ltr\">El Festival del Taco NLD 2026 promete convertirse en una tradici\u00f3n donde residentes y visitantes podr\u00e1n reunirse para celebrar uno de los platillos m\u00e1s representativos de M\u00e9xico, disfrutar del talento gastron\u00f3mico local y vivir una tarde llena de sabor, m\u00fasica y tradici\u00f3n.<\/p>\n<p dir=\"ltr\"><img loading=\"lazy\" decoding=\"async\" class=\"aligncenter size-full wp-image-203933\" src=\"https:\/\/www.buroperiodistico.com.mx\/wp-content\/uploads\/2026\/03\/TACO-FEST-I.jpg\" alt=\"\" width=\"640\" height=\"427\" srcset=\"https:\/\/www.buroperiodistico.com.mx\/wp-content\/uploads\/2026\/03\/TACO-FEST-I.jpg 640w, https:\/\/www.buroperiodistico.com.mx\/wp-content\/uploads\/2026\/03\/TACO-FEST-I-300x200.jpg 300w\" sizes=\"auto, (max-width: 640px) 100vw, 640px\" \/><\/p>\n","protected":false},"excerpt":{"rendered":"<p>Nuevo Laredo, Tam (13-Marzo-2026).- En el marco del D\u00eda Nacional del Taco, el Gobierno Municipal&#8230;<\/p>\n","protected":false},"author":1,"featured_media":203934,"comment_status":"closed","ping_status":"closed","sticky":false,"template":"","format":"standard","meta":{"footnotes":"","jetpack_publicize_message":"","jetpack_publicize_feature_enabled":true,"jetpack_social_post_already_shared":true,"jetpack_social_options":{"image_generator_settings":{"template":"highway","default_image_id":0,"font":"","enabled":false},"version":2}},"categories":[16],"tags":[],"class_list":["post-203932","post","type-post","status-publish","format-standard","has-post-thumbnail","hentry","category-nuevolaredo"],"jetpack_publicize_connections":[],"_links":{"self":[{"href":"https:\/\/www.buroperiodistico.com.mx\/index.php?rest_route=\/wp\/v2\/posts\/203932","targetHints":{"allow":["GET"]}}],"collection":[{"href":"https:\/\/www.buroperiodistico.com.mx\/index.php?rest_route=\/wp\/v2\/posts"}],"about":[{"href":"https:\/\/www.buroperiodistico.com.mx\/index.php?rest_route=\/wp\/v2\/types\/post"}],"author":[{"embeddable":true,"href":"https:\/\/www.buroperiodistico.com.mx\/index.php?rest_route=\/wp\/v2\/users\/1"}],"replies":[{"embeddable":true,"href":"https:\/\/www.buroperiodistico.com.mx\/index.php?rest_route=%2Fwp%2Fv2%2Fcomments&post=203932"}],"version-history":[{"count":1,"href":"https:\/\/www.buroperiodistico.com.mx\/index.php?rest_route=\/wp\/v2\/posts\/203932\/revisions"}],"predecessor-version":[{"id":203935,"href":"https:\/\/www.buroperiodistico.com.mx\/index.php?rest_route=\/wp\/v2\/posts\/203932\/revisions\/203935"}],"wp:featuredmedia":[{"embeddable":true,"href":"https:\/\/www.buroperiodistico.com.mx\/index.php?rest_route=\/wp\/v2\/media\/203934"}],"wp:attachment":[{"href":"https:\/\/www.buroperiodistico.com.mx\/index.php?rest_route=%2Fwp%2Fv2%2Fmedia&parent=203932"}],"wp:term":[{"taxonomy":"category","embeddable":true,"href":"https:\/\/www.buroperiodistico.com.mx\/index.php?rest_route=%2Fwp%2Fv2%2Fcategories&post=203932"},{"taxonomy":"post_tag","embeddable":true,"href":"https:\/\/www.buroperiodistico.com.mx\/index.php?rest_route=%2Fwp%2Fv2%2Ftags&post=203932"}],"curies":[{"name":"wp","href":"https:\/\/api.w.org\/{rel}","templated":true}]}}