{"id":203928,"date":"2026-03-13T16:48:39","date_gmt":"2026-03-13T21:48:39","guid":{"rendered":"https:\/\/www.buroperiodistico.com.mx\/?p=203928"},"modified":"2026-03-13T16:48:39","modified_gmt":"2026-03-13T21:48:39","slug":"ofrecen-lectura-en-braille-a-ninos-de-primaria-en-la-biblioteca-fidel-cuellar","status":"publish","type":"post","link":"https:\/\/www.buroperiodistico.com.mx\/?p=203928","title":{"rendered":"OFRECEN LECTURA EN BRAILLE A NI\u00d1OS DE PRIMARIA EN LA BIBLIOTECA \u00abFIDEL CU\u00c9LLAR\u00bb\u00a0"},"content":{"rendered":"<p dir=\"ltr\"><em><strong><img loading=\"lazy\" decoding=\"async\" class=\" wp-image-203930 alignright\" src=\"https:\/\/www.buroperiodistico.com.mx\/wp-content\/uploads\/2026\/03\/CLASES-BRAILE-BIBLIOTECA.jpeg\" alt=\"\" width=\"490\" height=\"345\" srcset=\"https:\/\/www.buroperiodistico.com.mx\/wp-content\/uploads\/2026\/03\/CLASES-BRAILE-BIBLIOTECA.jpeg 1024w, https:\/\/www.buroperiodistico.com.mx\/wp-content\/uploads\/2026\/03\/CLASES-BRAILE-BIBLIOTECA-300x212.jpeg 300w, https:\/\/www.buroperiodistico.com.mx\/wp-content\/uploads\/2026\/03\/CLASES-BRAILE-BIBLIOTECA-768x542.jpeg 768w\" sizes=\"auto, (max-width: 490px) 100vw, 490px\" \/>Nuevo Laredo, Tam (13-Marzo-2026).-<\/strong><\/em> Estudiantes de cuarto a\u00f1o \u00abB\u00bb de la escuela primaria \u00abRevoluci\u00f3n\u00bb vivieron de cerca las formas en las que se desenvuelven en la vida las personas invidentes a trav\u00e9s de lecturas en Braille y din\u00e1micas l\u00fadicas para promover en ellos la sensibilizaci\u00f3n y la empat\u00eda sobre lo que representa la ceguera.<\/p>\n<p dir=\"ltr\">La actividad se llev\u00f3 a cabo en la biblioteca \u00abFidel Cu\u00e9llar\u00bb y la lectura estuvo a cargo de Luc\u00eda Medell\u00edn P\u00e9rez, una persona invidente que labora en el recinto mencionado.<\/p>\n<p dir=\"ltr\">A trav\u00e9s del libro titulado \u00abAnimales. Poemas breves salvajes\u00bb, de la escritora Mar\u00eda Jos\u00e9 Ferrales, se les adentr\u00f3 al mundo de la literatura y a formas especiales de lectura y escritura que utilizan las personas con discapacidad visual.<\/p>\n<p dir=\"ltr\">De igual forma, para llegar a la biblioteca los ni\u00f1os cruzaron la calle, guiados por Luc\u00eda Medell\u00edn para que supieran c\u00f3mo transitan por la ciudad las personas como ella.<\/p>\n<p dir=\"ltr\">Despu\u00e9s de la lectura, organizados por el bibliotecario Aldo Cobio, en el recinto los ni\u00f1os vendaron sus ojos y se desplazaron por el lugar sorteando diversos obst\u00e1culos, guiados por la voz de sus compa\u00f1eros para finalmente colocar en un recipiente una pelota que portaban en sus manos.<\/p>\n<p dir=\"ltr\">\u00abEs importante que seamos sensibles y emp\u00e1ticos con las personas con discapacidad y que ustedes sepan c\u00f3mo son sus formas de vida y que hay sistemas, como el Braille y aplicaciones de las nuevas tecnolog\u00edas con las cuales ellos se comunican, se informan y que adem\u00e1s tambi\u00e9n tienen el derecho de integrarse al campo laboral\u00bb, dijo Marcos Rodr\u00edguez Leija, Coordinador de Bibliotecas, quien los invit\u00f3 a conocer de cerca la vida de la escritora sordociega Helen Keller.<\/p>\n<p dir=\"ltr\">La profesora Ana Elvira Franco Cavazos, maestra de 4\u2070 \u00abB\u00bb de la escuela \u00abRevoluci\u00f3n\u00bb\u00a0 agradeci\u00f3 al gobierno municipal este tipo de iniciativas que permiten ampliar el conocimiento y sensibilizar a los ni\u00f1os sobre la discapacidad.<\/p>\n<p dir=\"ltr\">En Nuevo Laredo, de acuerdo con el \u00faltimo censo de poblaci\u00f3n hay 30 mil 457 personas con limitaciones para ver incluso usando lentes y 8 mil 798 son invidentes. Las mujeres de 50 a 54 a\u00f1os y hombres de 60 a 64 a\u00f1os son los grupos m\u00e1s afectados y esta discapacidad es la m\u00e1s com\u00fan en la ciudad, superando a la f\u00edsica.<\/p>\n<p dir=\"ltr\"><img loading=\"lazy\" decoding=\"async\" class=\"aligncenter size-full wp-image-203929\" src=\"https:\/\/www.buroperiodistico.com.mx\/wp-content\/uploads\/2026\/03\/CLASES-BRAILE-BIBLIOTECA-I.jpeg\" alt=\"\" width=\"638\" height=\"480\" srcset=\"https:\/\/www.buroperiodistico.com.mx\/wp-content\/uploads\/2026\/03\/CLASES-BRAILE-BIBLIOTECA-I.jpeg 638w, https:\/\/www.buroperiodistico.com.mx\/wp-content\/uploads\/2026\/03\/CLASES-BRAILE-BIBLIOTECA-I-300x226.jpeg 300w\" sizes=\"auto, (max-width: 638px) 100vw, 638px\" \/><\/p>\n","protected":false},"excerpt":{"rendered":"<p>Nuevo Laredo, Tam (13-Marzo-2026).- Estudiantes de cuarto a\u00f1o \u00abB\u00bb de la escuela primaria \u00abRevoluci\u00f3n\u00bb vivieron&#8230;<\/p>\n","protected":false},"author":1,"featured_media":203930,"comment_status":"closed","ping_status":"closed","sticky":false,"template":"","format":"standard","meta":{"footnotes":"","jetpack_publicize_message":"","jetpack_publicize_feature_enabled":true,"jetpack_social_post_already_shared":true,"jetpack_social_options":{"image_generator_settings":{"template":"highway","default_image_id":0,"font":"","enabled":false},"version":2}},"categories":[16],"tags":[],"class_list":["post-203928","post","type-post","status-publish","format-standard","has-post-thumbnail","hentry","category-nuevolaredo"],"jetpack_publicize_connections":[],"_links":{"self":[{"href":"https:\/\/www.buroperiodistico.com.mx\/index.php?rest_route=\/wp\/v2\/posts\/203928","targetHints":{"allow":["GET"]}}],"collection":[{"href":"https:\/\/www.buroperiodistico.com.mx\/index.php?rest_route=\/wp\/v2\/posts"}],"about":[{"href":"https:\/\/www.buroperiodistico.com.mx\/index.php?rest_route=\/wp\/v2\/types\/post"}],"author":[{"embeddable":true,"href":"https:\/\/www.buroperiodistico.com.mx\/index.php?rest_route=\/wp\/v2\/users\/1"}],"replies":[{"embeddable":true,"href":"https:\/\/www.buroperiodistico.com.mx\/index.php?rest_route=%2Fwp%2Fv2%2Fcomments&post=203928"}],"version-history":[{"count":1,"href":"https:\/\/www.buroperiodistico.com.mx\/index.php?rest_route=\/wp\/v2\/posts\/203928\/revisions"}],"predecessor-version":[{"id":203931,"href":"https:\/\/www.buroperiodistico.com.mx\/index.php?rest_route=\/wp\/v2\/posts\/203928\/revisions\/203931"}],"wp:featuredmedia":[{"embeddable":true,"href":"https:\/\/www.buroperiodistico.com.mx\/index.php?rest_route=\/wp\/v2\/media\/203930"}],"wp:attachment":[{"href":"https:\/\/www.buroperiodistico.com.mx\/index.php?rest_route=%2Fwp%2Fv2%2Fmedia&parent=203928"}],"wp:term":[{"taxonomy":"category","embeddable":true,"href":"https:\/\/www.buroperiodistico.com.mx\/index.php?rest_route=%2Fwp%2Fv2%2Fcategories&post=203928"},{"taxonomy":"post_tag","embeddable":true,"href":"https:\/\/www.buroperiodistico.com.mx\/index.php?rest_route=%2Fwp%2Fv2%2Ftags&post=203928"}],"curies":[{"name":"wp","href":"https:\/\/api.w.org\/{rel}","templated":true}]}}