{"id":203924,"date":"2026-03-13T16:46:37","date_gmt":"2026-03-13T21:46:37","guid":{"rendered":"https:\/\/www.buroperiodistico.com.mx\/?p=203924"},"modified":"2026-03-13T16:46:37","modified_gmt":"2026-03-13T21:46:37","slug":"invita-gobierno-municipal-al-bazar-primavera-en-plaza-de-la-mujer","status":"publish","type":"post","link":"https:\/\/www.buroperiodistico.com.mx\/?p=203924","title":{"rendered":"INVITA GOBIERNO MUNICIPAL AL BAZAR PRIMAVERA EN PLAZA DE LA MUJER"},"content":{"rendered":"<p><em><strong><img loading=\"lazy\" decoding=\"async\" class=\" wp-image-203926 alignright\" src=\"https:\/\/www.buroperiodistico.com.mx\/wp-content\/uploads\/2026\/03\/BAZARx.jpg\" alt=\"\" width=\"495\" height=\"301\" srcset=\"https:\/\/www.buroperiodistico.com.mx\/wp-content\/uploads\/2026\/03\/BAZARx.jpg 1024w, https:\/\/www.buroperiodistico.com.mx\/wp-content\/uploads\/2026\/03\/BAZARx-300x183.jpg 300w, https:\/\/www.buroperiodistico.com.mx\/wp-content\/uploads\/2026\/03\/BAZARx-768x467.jpg 768w\" sizes=\"auto, (max-width: 495px) 100vw, 495px\" \/>Nuevo Laredo, Tam (13-Marzo-2026).-<\/strong><\/em>\u00a0El Gobierno Municipal, a trav\u00e9s de la Secretar\u00eda de Bienestar Social, invita a las familias de la ciudad a disfrutar del Bazar Primavera, un espacio pensado para promover el talento de emprendedores locales y ofrecer a la comunidad una tarde llena de convivencia, creatividad y color.<\/p>\n<p dir=\"ltr\">El evento se realizar\u00e1 este viernes 14 de marzo, de 4:00 de la tarde a 10:00 de la noche, en la Plaza de la Mujer, donde los asistentes podr\u00e1n encontrar una amplia variedad de productos elaborados por emprendedores de la regi\u00f3n, as\u00ed como art\u00edculos \u00fanicos ideales para esta temporada.<\/p>\n<p dir=\"ltr\">Adem\u00e1s de apoyar la econom\u00eda local, el Bazar Primavera ofrecer\u00e1 un ambiente familiar y agradable para que ni\u00f1as, ni\u00f1os y adultos disfruten de una jornada diferente, rodeados de propuestas creativas y el esp\u00edritu alegre que caracteriza la llegada de la primavera.<\/p>\n<p dir=\"ltr\">El Gobierno Municipal invita a la ciudadan\u00eda a acudir con familiares y amigos para disfrutar de esta actividad que busca fortalecer el emprendimiento local y fomentar espacios de convivencia para toda la comunidad.<\/p>\n<p dir=\"ltr\"><img loading=\"lazy\" decoding=\"async\" class=\"aligncenter size-full wp-image-203925\" src=\"https:\/\/www.buroperiodistico.com.mx\/wp-content\/uploads\/2026\/03\/BAZARx-I.jpg\" alt=\"\" width=\"640\" height=\"427\" srcset=\"https:\/\/www.buroperiodistico.com.mx\/wp-content\/uploads\/2026\/03\/BAZARx-I.jpg 640w, https:\/\/www.buroperiodistico.com.mx\/wp-content\/uploads\/2026\/03\/BAZARx-I-300x200.jpg 300w\" sizes=\"auto, (max-width: 640px) 100vw, 640px\" \/><\/p>\n","protected":false},"excerpt":{"rendered":"<p>Nuevo Laredo, Tam (13-Marzo-2026).-\u00a0El Gobierno Municipal, a trav\u00e9s de la Secretar\u00eda de Bienestar Social, invita&#8230;<\/p>\n","protected":false},"author":1,"featured_media":203926,"comment_status":"closed","ping_status":"closed","sticky":false,"template":"","format":"standard","meta":{"footnotes":"","jetpack_publicize_message":"","jetpack_publicize_feature_enabled":true,"jetpack_social_post_already_shared":true,"jetpack_social_options":{"image_generator_settings":{"template":"highway","default_image_id":0,"font":"","enabled":false},"version":2}},"categories":[16],"tags":[],"class_list":["post-203924","post","type-post","status-publish","format-standard","has-post-thumbnail","hentry","category-nuevolaredo"],"jetpack_publicize_connections":[],"_links":{"self":[{"href":"https:\/\/www.buroperiodistico.com.mx\/index.php?rest_route=\/wp\/v2\/posts\/203924","targetHints":{"allow":["GET"]}}],"collection":[{"href":"https:\/\/www.buroperiodistico.com.mx\/index.php?rest_route=\/wp\/v2\/posts"}],"about":[{"href":"https:\/\/www.buroperiodistico.com.mx\/index.php?rest_route=\/wp\/v2\/types\/post"}],"author":[{"embeddable":true,"href":"https:\/\/www.buroperiodistico.com.mx\/index.php?rest_route=\/wp\/v2\/users\/1"}],"replies":[{"embeddable":true,"href":"https:\/\/www.buroperiodistico.com.mx\/index.php?rest_route=%2Fwp%2Fv2%2Fcomments&post=203924"}],"version-history":[{"count":1,"href":"https:\/\/www.buroperiodistico.com.mx\/index.php?rest_route=\/wp\/v2\/posts\/203924\/revisions"}],"predecessor-version":[{"id":203927,"href":"https:\/\/www.buroperiodistico.com.mx\/index.php?rest_route=\/wp\/v2\/posts\/203924\/revisions\/203927"}],"wp:featuredmedia":[{"embeddable":true,"href":"https:\/\/www.buroperiodistico.com.mx\/index.php?rest_route=\/wp\/v2\/media\/203926"}],"wp:attachment":[{"href":"https:\/\/www.buroperiodistico.com.mx\/index.php?rest_route=%2Fwp%2Fv2%2Fmedia&parent=203924"}],"wp:term":[{"taxonomy":"category","embeddable":true,"href":"https:\/\/www.buroperiodistico.com.mx\/index.php?rest_route=%2Fwp%2Fv2%2Fcategories&post=203924"},{"taxonomy":"post_tag","embeddable":true,"href":"https:\/\/www.buroperiodistico.com.mx\/index.php?rest_route=%2Fwp%2Fv2%2Ftags&post=203924"}],"curies":[{"name":"wp","href":"https:\/\/api.w.org\/{rel}","templated":true}]}}