{"id":203919,"date":"2026-03-13T16:42:21","date_gmt":"2026-03-13T21:42:21","guid":{"rendered":"https:\/\/www.buroperiodistico.com.mx\/?p=203919"},"modified":"2026-03-13T16:42:21","modified_gmt":"2026-03-13T21:42:21","slug":"formalizan-operativo-especial-de-semana-santa-2026-del-programa-paisano","status":"publish","type":"post","link":"https:\/\/www.buroperiodistico.com.mx\/?p=203919","title":{"rendered":"Formalizan \u00abOperativo Especial de Semana Santa 2026\u00bb del programa Paisano"},"content":{"rendered":"<p><em><strong><img loading=\"lazy\" decoding=\"async\" class=\" wp-image-203922 alignright\" src=\"https:\/\/www.buroperiodistico.com.mx\/wp-content\/uploads\/2026\/03\/INMx.jpeg\" alt=\"\" width=\"551\" height=\"327\" srcset=\"https:\/\/www.buroperiodistico.com.mx\/wp-content\/uploads\/2026\/03\/INMx.jpeg 1024w, https:\/\/www.buroperiodistico.com.mx\/wp-content\/uploads\/2026\/03\/INMx-300x178.jpeg 300w, https:\/\/www.buroperiodistico.com.mx\/wp-content\/uploads\/2026\/03\/INMx-768x456.jpeg 768w\" sizes=\"auto, (max-width: 551px) 100vw, 551px\" \/>Reynosa, Tam (13-Marzo-2026).-<\/strong><\/em> La Subdelegada del Instituto Nacional de Migraci\u00f3n y encargada del Programa paisano Yazm\u00edn Rivas V\u00e1zquez, reconoci\u00f3 el apoyo del Alcalde Carlos Pe\u00f1a Ortiz en las actividades del organismo, al sostener una reuni\u00f3n en la que participaron, el Viceconsul de Protecci\u00f3n del Consulado de M\u00e9xico en McAllen, Cuahut\u00e9moc Vargas; Javier Iv\u00e1n Lam Cant\u00fa, Coordinador de Protecci\u00f3n Civil y Bomberos de Reynosa, y Alma Rosa Torres Canizales, Delegada Regional de Instituto Tamaulipeco del Migrante.<\/p>\n<p>Durante la reuni\u00f3n previa del Instituto para la activaci\u00f3n del \u00abOperativo Especial de Semana Santa 2026\u00bb del programa Paisano, que se pondr\u00e1 en marcha el pr\u00f3ximo d\u00eda 18 a las 12:00 del medio d\u00eda, declar\u00f3 la funcionaria: \u00abhemos tenido mucho apoyo del Presidente Municipal, le reconocemos y agradecemos que siempre participa en nuestros programas\u00bb.<\/p>\n<p>En la reuni\u00f3n participaron: Cynthia Navarro, del Departamento de Comunidades del Consulado de M\u00e9xico en McAllen; Ricardo Mart\u00ednez Cabada, Agente del Ministerio P\u00fablico de la FGR; Teniente de Guardia Nacional, Jos\u00e9 Concepci\u00f3n Rodr\u00edguez Santiago, Segundo Comandante de las Compa\u00f1\u00edas de GN en Reynosa; Aldaco Ortega Hilel<br \/>\nPolic\u00eda Segundo, encargado de la Delegaci\u00f3n Regional de Reynosa de la Guardia Estatal; Oscar Toledo Reyes, representante de SENASICA; de la COEPRIS, Jessi Mariano Garc\u00eda; Marco A. Llanas, Director de Emergencias de Protecci\u00f3n Civil; Rodolfo Gonz\u00e1lez, de Turismo y Comercio Municipal, y Federico P\u00e9rez Lozano, de Atenci\u00f3n Ciudadana de la Secretar\u00eda de Seguridad P\u00fablica y Tr\u00e1nsito Municipal.<\/p>\n<p>#ReynosaImprable<br \/>\n#GobiernoMunicipalDeReynosa<\/p>\n<p><img loading=\"lazy\" decoding=\"async\" class=\"aligncenter size-full wp-image-203920\" src=\"https:\/\/www.buroperiodistico.com.mx\/wp-content\/uploads\/2026\/03\/INMx-I.jpeg\" alt=\"\" width=\"640\" height=\"426\" srcset=\"https:\/\/www.buroperiodistico.com.mx\/wp-content\/uploads\/2026\/03\/INMx-I.jpeg 640w, https:\/\/www.buroperiodistico.com.mx\/wp-content\/uploads\/2026\/03\/INMx-I-300x200.jpeg 300w\" sizes=\"auto, (max-width: 640px) 100vw, 640px\" \/> <img loading=\"lazy\" decoding=\"async\" class=\"aligncenter size-full wp-image-203921\" src=\"https:\/\/www.buroperiodistico.com.mx\/wp-content\/uploads\/2026\/03\/INMx-II.jpeg\" alt=\"\" width=\"640\" height=\"426\" srcset=\"https:\/\/www.buroperiodistico.com.mx\/wp-content\/uploads\/2026\/03\/INMx-II.jpeg 640w, https:\/\/www.buroperiodistico.com.mx\/wp-content\/uploads\/2026\/03\/INMx-II-300x200.jpeg 300w\" sizes=\"auto, (max-width: 640px) 100vw, 640px\" \/><\/p>\n","protected":false},"excerpt":{"rendered":"<p>Reynosa, Tam (13-Marzo-2026).- La Subdelegada del Instituto Nacional de Migraci\u00f3n y encargada del Programa paisano&#8230;<\/p>\n","protected":false},"author":1,"featured_media":203922,"comment_status":"closed","ping_status":"closed","sticky":false,"template":"","format":"standard","meta":{"footnotes":"","jetpack_publicize_message":"","jetpack_publicize_feature_enabled":true,"jetpack_social_post_already_shared":true,"jetpack_social_options":{"image_generator_settings":{"template":"highway","default_image_id":0,"font":"","enabled":false},"version":2}},"categories":[9],"tags":[],"class_list":["post-203919","post","type-post","status-publish","format-standard","has-post-thumbnail","hentry","category-reynosa"],"jetpack_publicize_connections":[],"_links":{"self":[{"href":"https:\/\/www.buroperiodistico.com.mx\/index.php?rest_route=\/wp\/v2\/posts\/203919","targetHints":{"allow":["GET"]}}],"collection":[{"href":"https:\/\/www.buroperiodistico.com.mx\/index.php?rest_route=\/wp\/v2\/posts"}],"about":[{"href":"https:\/\/www.buroperiodistico.com.mx\/index.php?rest_route=\/wp\/v2\/types\/post"}],"author":[{"embeddable":true,"href":"https:\/\/www.buroperiodistico.com.mx\/index.php?rest_route=\/wp\/v2\/users\/1"}],"replies":[{"embeddable":true,"href":"https:\/\/www.buroperiodistico.com.mx\/index.php?rest_route=%2Fwp%2Fv2%2Fcomments&post=203919"}],"version-history":[{"count":1,"href":"https:\/\/www.buroperiodistico.com.mx\/index.php?rest_route=\/wp\/v2\/posts\/203919\/revisions"}],"predecessor-version":[{"id":203923,"href":"https:\/\/www.buroperiodistico.com.mx\/index.php?rest_route=\/wp\/v2\/posts\/203919\/revisions\/203923"}],"wp:featuredmedia":[{"embeddable":true,"href":"https:\/\/www.buroperiodistico.com.mx\/index.php?rest_route=\/wp\/v2\/media\/203922"}],"wp:attachment":[{"href":"https:\/\/www.buroperiodistico.com.mx\/index.php?rest_route=%2Fwp%2Fv2%2Fmedia&parent=203919"}],"wp:term":[{"taxonomy":"category","embeddable":true,"href":"https:\/\/www.buroperiodistico.com.mx\/index.php?rest_route=%2Fwp%2Fv2%2Fcategories&post=203919"},{"taxonomy":"post_tag","embeddable":true,"href":"https:\/\/www.buroperiodistico.com.mx\/index.php?rest_route=%2Fwp%2Fv2%2Ftags&post=203919"}],"curies":[{"name":"wp","href":"https:\/\/api.w.org\/{rel}","templated":true}]}}