{"id":203892,"date":"2026-03-13T15:44:53","date_gmt":"2026-03-13T20:44:53","guid":{"rendered":"https:\/\/www.buroperiodistico.com.mx\/?p=203892"},"modified":"2026-03-13T15:44:53","modified_gmt":"2026-03-13T20:44:53","slug":"consolidan-infraestructura-educativa-en-el-jardin-de-ninos-locutores-de-victoria","status":"publish","type":"post","link":"https:\/\/www.buroperiodistico.com.mx\/?p=203892","title":{"rendered":"Consolidan infraestructura educativa en el Jard\u00edn de Ni\u00f1os \u201cLocutores de Victoria\u201d"},"content":{"rendered":"<p><em><strong><img loading=\"lazy\" decoding=\"async\" class=\" wp-image-203895 alignright\" src=\"https:\/\/www.buroperiodistico.com.mx\/wp-content\/uploads\/2026\/03\/ITIVictoria.jpeg\" alt=\"\" width=\"519\" height=\"306\" srcset=\"https:\/\/www.buroperiodistico.com.mx\/wp-content\/uploads\/2026\/03\/ITIVictoria.jpeg 1024w, https:\/\/www.buroperiodistico.com.mx\/wp-content\/uploads\/2026\/03\/ITIVictoria-300x177.jpeg 300w, https:\/\/www.buroperiodistico.com.mx\/wp-content\/uploads\/2026\/03\/ITIVictoria-768x453.jpeg 768w\" sizes=\"auto, (max-width: 519px) 100vw, 519px\" \/>Ciudad Victoria, Tamaulipas (13-Marzo-2026).-<\/strong><\/em> Con el prop\u00f3sito de fortalecer la infraestructura educativa y mejorar las condiciones de aprendizaje para ni\u00f1as y ni\u00f1os, el Gobierno del Estado de Tamaulipas, encabezado por Am\u00e9rico Villarreal Anaya, realiz\u00f3 la entrega de obras y mobiliario en el Jard\u00edn de Ni\u00f1os \u201cLocutores de Victoria\u201d, ubicado en la capital del estado.<\/p>\n<p>La inversi\u00f3n destinada a este plantel educativo fue de 5.6 millones de pesos en obra civil, adem\u00e1s de 573 mil 594 pesos en equipamiento, acciones que contribuyen a brindar espacios dignos, seguros y funcionales para la comunidad escolar.<\/p>\n<p>El evento fue organizado por el Instituto Tamaulipeco de Infraestructura F\u00edsica Educativa (ITIFE), bajo la direcci\u00f3n de Sergio Oliverio Castillo Sag\u00e1stegui, y fue encabezado por el secretario de Educaci\u00f3n de Tamaulipas, Miguel \u00c1ngel Valdez Garc\u00eda, con la participaci\u00f3n de autoridades educativas, personal docente, as\u00ed como madres y padres de familia.<\/p>\n<p>Durante el evento se destac\u00f3 que las obras realizadas en el plantel incluyeron la construcci\u00f3n de seis aulas, la reubicaci\u00f3n de una techumbre, la demolici\u00f3n de un edificio existente, as\u00ed como la edificaci\u00f3n de un andador y un p\u00f3rtico de acceso, adem\u00e1s de la entrega de mobiliario escolar para fortalecer las condiciones del entorno educativo.<\/p>\n<p>Castillo Sag\u00e1stegui destac\u00f3 el trabajo coordinado entre la Secretar\u00eda de Educaci\u00f3n de Tamaulipas y la Secretar\u00eda de Obras P\u00fablicas, encabezada por Pedro Cepeda Anaya, a trav\u00e9s del ITIFE, para la dignificaci\u00f3n y mejoramiento de los espacios escolares en la entidad.<\/p>\n<p><img loading=\"lazy\" decoding=\"async\" class=\"aligncenter size-full wp-image-203893\" src=\"https:\/\/www.buroperiodistico.com.mx\/wp-content\/uploads\/2026\/03\/ITIVictoria-I.jpeg\" alt=\"\" width=\"640\" height=\"360\" srcset=\"https:\/\/www.buroperiodistico.com.mx\/wp-content\/uploads\/2026\/03\/ITIVictoria-I.jpeg 640w, https:\/\/www.buroperiodistico.com.mx\/wp-content\/uploads\/2026\/03\/ITIVictoria-I-300x169.jpeg 300w\" sizes=\"auto, (max-width: 640px) 100vw, 640px\" \/> <img loading=\"lazy\" decoding=\"async\" class=\"aligncenter size-full wp-image-203894\" src=\"https:\/\/www.buroperiodistico.com.mx\/wp-content\/uploads\/2026\/03\/ITIVictoria-II.jpeg\" alt=\"\" width=\"640\" height=\"420\" srcset=\"https:\/\/www.buroperiodistico.com.mx\/wp-content\/uploads\/2026\/03\/ITIVictoria-II.jpeg 640w, https:\/\/www.buroperiodistico.com.mx\/wp-content\/uploads\/2026\/03\/ITIVictoria-II-300x197.jpeg 300w\" sizes=\"auto, (max-width: 640px) 100vw, 640px\" \/><\/p>\n","protected":false},"excerpt":{"rendered":"<p>Ciudad Victoria, Tamaulipas (13-Marzo-2026).- Con el prop\u00f3sito de fortalecer la infraestructura educativa y mejorar las&#8230;<\/p>\n","protected":false},"author":1,"featured_media":203895,"comment_status":"closed","ping_status":"closed","sticky":false,"template":"","format":"standard","meta":{"footnotes":"","jetpack_publicize_message":"","jetpack_publicize_feature_enabled":true,"jetpack_social_post_already_shared":true,"jetpack_social_options":{"image_generator_settings":{"template":"highway","default_image_id":0,"font":"","enabled":false},"version":2}},"categories":[10],"tags":[],"class_list":["post-203892","post","type-post","status-publish","format-standard","has-post-thumbnail","hentry","category-tamaulipas"],"jetpack_publicize_connections":[],"_links":{"self":[{"href":"https:\/\/www.buroperiodistico.com.mx\/index.php?rest_route=\/wp\/v2\/posts\/203892","targetHints":{"allow":["GET"]}}],"collection":[{"href":"https:\/\/www.buroperiodistico.com.mx\/index.php?rest_route=\/wp\/v2\/posts"}],"about":[{"href":"https:\/\/www.buroperiodistico.com.mx\/index.php?rest_route=\/wp\/v2\/types\/post"}],"author":[{"embeddable":true,"href":"https:\/\/www.buroperiodistico.com.mx\/index.php?rest_route=\/wp\/v2\/users\/1"}],"replies":[{"embeddable":true,"href":"https:\/\/www.buroperiodistico.com.mx\/index.php?rest_route=%2Fwp%2Fv2%2Fcomments&post=203892"}],"version-history":[{"count":1,"href":"https:\/\/www.buroperiodistico.com.mx\/index.php?rest_route=\/wp\/v2\/posts\/203892\/revisions"}],"predecessor-version":[{"id":203896,"href":"https:\/\/www.buroperiodistico.com.mx\/index.php?rest_route=\/wp\/v2\/posts\/203892\/revisions\/203896"}],"wp:featuredmedia":[{"embeddable":true,"href":"https:\/\/www.buroperiodistico.com.mx\/index.php?rest_route=\/wp\/v2\/media\/203895"}],"wp:attachment":[{"href":"https:\/\/www.buroperiodistico.com.mx\/index.php?rest_route=%2Fwp%2Fv2%2Fmedia&parent=203892"}],"wp:term":[{"taxonomy":"category","embeddable":true,"href":"https:\/\/www.buroperiodistico.com.mx\/index.php?rest_route=%2Fwp%2Fv2%2Fcategories&post=203892"},{"taxonomy":"post_tag","embeddable":true,"href":"https:\/\/www.buroperiodistico.com.mx\/index.php?rest_route=%2Fwp%2Fv2%2Ftags&post=203892"}],"curies":[{"name":"wp","href":"https:\/\/api.w.org\/{rel}","templated":true}]}}