{"id":203851,"date":"2026-03-13T14:46:52","date_gmt":"2026-03-13T19:46:52","guid":{"rendered":"https:\/\/www.buroperiodistico.com.mx\/?p=203851"},"modified":"2026-03-13T14:46:52","modified_gmt":"2026-03-13T19:46:52","slug":"inicia-pemex-formacion-de-291-medicas-y-medicos-especialistas-y-reconoce-excelencia-academica","status":"publish","type":"post","link":"https:\/\/www.buroperiodistico.com.mx\/?p=203851","title":{"rendered":"Inicia Pemex formaci\u00f3n de 291 m\u00e9dicas y m\u00e9dicos especialistas y reconoce excelencia acad\u00e9mica"},"content":{"rendered":"<p><strong><em>\u2022 La empresa fortalece sus servicios de salud con una inversi\u00f3n de 2 mil 810 millones de pesos para 2026<\/em><\/strong><\/p>\n<p><strong><em>\u2022 Cuenta adem\u00e1s con 23 programas de formaci\u00f3n m\u00e9dica especializada; la titulaci\u00f3n oportuna de residentes se elev\u00f3 de 72 a 96 por ciento en un solo a\u00f1o<\/em><\/strong><\/p>\n<p><em><strong><img loading=\"lazy\" decoding=\"async\" class=\" wp-image-203853 alignright\" src=\"https:\/\/www.buroperiodistico.com.mx\/wp-content\/uploads\/2026\/03\/Pemxz.jpg\" alt=\"\" width=\"538\" height=\"300\" srcset=\"https:\/\/www.buroperiodistico.com.mx\/wp-content\/uploads\/2026\/03\/Pemxz.jpg 1024w, https:\/\/www.buroperiodistico.com.mx\/wp-content\/uploads\/2026\/03\/Pemxz-300x167.jpg 300w, https:\/\/www.buroperiodistico.com.mx\/wp-content\/uploads\/2026\/03\/Pemxz-768x428.jpg 768w\" sizes=\"auto, (max-width: 538px) 100vw, 538px\" \/>Ciudad de M\u00e9xico (13-Marzo-2026).-<\/strong><\/em> En el inicio del ciclo acad\u00e9mico de residencias m\u00e9dicas en Petr\u00f3leos Mexicanos (Pemex), 291 m\u00e9dicas y m\u00e9dicos residentes se incorporaron a alguno de los 23 programas de formaci\u00f3n, mientras que 283 residentes concluyeron su preparaci\u00f3n como especialistas, lo que refleja el fortalecimiento de la ense\u00f1anza m\u00e9dica dentro de la instituci\u00f3n.<\/p>\n<p>En una ceremonia encabezada por la directora de Administraci\u00f3n y Servicios, Marcela Villegas Silva, y el subdirector de Servicios de Salud, Ruy L\u00f3pez Ridaura, tambi\u00e9n se entregaron reconocimientos a la excelencia acad\u00e9mica a estudiantes destacados en especialidades como Ginecolog\u00eda y Obstetricia, Medicina Cr\u00edtica, Cirug\u00eda General, Traumatolog\u00eda y Ortopedia, entre otras, lo que reafirma una tradici\u00f3n acad\u00e9mica que Pemex mantiene desde 1969, cuando comenzaron los primeros cursos de especialidades m\u00e9dicas en el Hospital Central Norte.<\/p>\n<p>Actualmente, la formaci\u00f3n m\u00e9dica en Pemex abarca 13 cursos de especialidad de entrada directa, seis cursos de entrada indirecta (subespecialidades) y cuatro cursos de alta especialidad, al mismo tiempo que se fortalecen los servicios de salud en la instituci\u00f3n con una inversi\u00f3n de 2 mil 810 millones de pesos para 2026.<\/p>\n<p>El monto asignado representa una inversi\u00f3n adicional de 2 mil millones con respecto a lo previamente autorizado en el Presupuesto de Egresos de la Federaci\u00f3n 2026, y un incremento del 100 por ciento comparado con lo invertido en 2016.<\/p>\n<p>En el Auditorio 18 de Marzo, Villegas Silva afirm\u00f3 que Pemex valora profundamente la vocaci\u00f3n y trabajo de las y los m\u00e9dicos residentes, porque \u201cla salud de nuestras trabajadoras y trabajadores, as\u00ed como de sus familias, es una de las responsabilidades m\u00e1s importantes que tenemos como empresa. En esta tarea ustedes desempe\u00f1an un papel fundamental\u201d, afirm\u00f3.<\/p>\n<p>Por ello, previo a la entrega de reconocimientos a los m\u00e9dicos residentes destacados, Villegas Silva expres\u00f3 su confianza en que esta nueva generaci\u00f3n contribuir\u00e1 no s\u00f3lo a seguir fortaleciendo la calidad y el compromiso del sistema de salud de la instituci\u00f3n, sino el compromiso con todo el pa\u00eds.<\/p>\n<p>En su intervenci\u00f3n, L\u00f3pez Ridaura agradeci\u00f3 a Villegas Silva el impulso que ha dado a los servicios de salud de Pemex, y reconoci\u00f3 el incremento al gasto de inversi\u00f3n que servir\u00e1 para dar mantenimiento en todas las unidades, as\u00ed como mejorar la infraestructura y la atenci\u00f3n m\u00e9dica.<\/p>\n<p>El subdirector de Servicios de Salud de Petr\u00f3leos Mexicanos tambi\u00e9n destac\u00f3 la ardua labor que realizan especialistas, personal docente y autoridades del sistema de salud institucional en la formaci\u00f3n de las y los m\u00e9dicos residentes, que permiti\u00f3 elevar en este ciclo el indicador de titulaci\u00f3n oportuna de 72 a 96 por ciento en tan solo un a\u00f1o, fortaleciendo as\u00ed la formaci\u00f3n de profesionales altamente capacitados que contribuyen a garantizar servicios de salud de calidad dentro de la empresa y en el pa\u00eds.<\/p>\n<p>Por parte de Pemex estuvieron presentes profesores, jefas de ense\u00f1anza e investigaci\u00f3n, directores de las unidades m\u00e9dicas, as\u00ed como autoridades de capital humano, atenci\u00f3n m\u00e9dica y salud. Tambi\u00e9n asistieron personas servidoras p\u00fablicas de la Secretar\u00eda de Salud y de la Universidad Nacional Aut\u00f3noma de M\u00e9xico.<\/p>\n<p><img loading=\"lazy\" decoding=\"async\" class=\"aligncenter size-full wp-image-203852\" src=\"https:\/\/www.buroperiodistico.com.mx\/wp-content\/uploads\/2026\/03\/Pemxz-I.jpg\" alt=\"\" width=\"640\" height=\"391\" srcset=\"https:\/\/www.buroperiodistico.com.mx\/wp-content\/uploads\/2026\/03\/Pemxz-I.jpg 640w, https:\/\/www.buroperiodistico.com.mx\/wp-content\/uploads\/2026\/03\/Pemxz-I-300x183.jpg 300w\" sizes=\"auto, (max-width: 640px) 100vw, 640px\" \/><\/p>\n","protected":false},"excerpt":{"rendered":"<p>\u2022 La empresa fortalece sus servicios de salud con una inversi\u00f3n de 2 mil 810&#8230;<\/p>\n","protected":false},"author":1,"featured_media":203853,"comment_status":"closed","ping_status":"closed","sticky":false,"template":"","format":"standard","meta":{"footnotes":"","jetpack_publicize_message":"","jetpack_publicize_feature_enabled":true,"jetpack_social_post_already_shared":true,"jetpack_social_options":{"image_generator_settings":{"template":"highway","default_image_id":0,"font":"","enabled":false},"version":2}},"categories":[11],"tags":[],"class_list":["post-203851","post","type-post","status-publish","format-standard","has-post-thumbnail","hentry","category-nacional"],"jetpack_publicize_connections":[],"_links":{"self":[{"href":"https:\/\/www.buroperiodistico.com.mx\/index.php?rest_route=\/wp\/v2\/posts\/203851","targetHints":{"allow":["GET"]}}],"collection":[{"href":"https:\/\/www.buroperiodistico.com.mx\/index.php?rest_route=\/wp\/v2\/posts"}],"about":[{"href":"https:\/\/www.buroperiodistico.com.mx\/index.php?rest_route=\/wp\/v2\/types\/post"}],"author":[{"embeddable":true,"href":"https:\/\/www.buroperiodistico.com.mx\/index.php?rest_route=\/wp\/v2\/users\/1"}],"replies":[{"embeddable":true,"href":"https:\/\/www.buroperiodistico.com.mx\/index.php?rest_route=%2Fwp%2Fv2%2Fcomments&post=203851"}],"version-history":[{"count":1,"href":"https:\/\/www.buroperiodistico.com.mx\/index.php?rest_route=\/wp\/v2\/posts\/203851\/revisions"}],"predecessor-version":[{"id":203854,"href":"https:\/\/www.buroperiodistico.com.mx\/index.php?rest_route=\/wp\/v2\/posts\/203851\/revisions\/203854"}],"wp:featuredmedia":[{"embeddable":true,"href":"https:\/\/www.buroperiodistico.com.mx\/index.php?rest_route=\/wp\/v2\/media\/203853"}],"wp:attachment":[{"href":"https:\/\/www.buroperiodistico.com.mx\/index.php?rest_route=%2Fwp%2Fv2%2Fmedia&parent=203851"}],"wp:term":[{"taxonomy":"category","embeddable":true,"href":"https:\/\/www.buroperiodistico.com.mx\/index.php?rest_route=%2Fwp%2Fv2%2Fcategories&post=203851"},{"taxonomy":"post_tag","embeddable":true,"href":"https:\/\/www.buroperiodistico.com.mx\/index.php?rest_route=%2Fwp%2Fv2%2Ftags&post=203851"}],"curies":[{"name":"wp","href":"https:\/\/api.w.org\/{rel}","templated":true}]}}