{"id":203842,"date":"2026-03-13T14:29:10","date_gmt":"2026-03-13T19:29:10","guid":{"rendered":"https:\/\/www.buroperiodistico.com.mx\/?p=203842"},"modified":"2026-03-13T14:29:10","modified_gmt":"2026-03-13T19:29:10","slug":"recibe-legislatura-66-el-cuarto-informe-del-gobernador-americo","status":"publish","type":"post","link":"https:\/\/www.buroperiodistico.com.mx\/?p=203842","title":{"rendered":"Recibe Legislatura 66 el Cuarto Informe del Gobernador Am\u00e9rico"},"content":{"rendered":"<p><em><strong><img loading=\"lazy\" decoding=\"async\" class=\" wp-image-203849 alignright\" src=\"https:\/\/www.buroperiodistico.com.mx\/wp-content\/uploads\/2026\/03\/Informex.jpeg\" alt=\"\" width=\"487\" height=\"296\" srcset=\"https:\/\/www.buroperiodistico.com.mx\/wp-content\/uploads\/2026\/03\/Informex.jpeg 1024w, https:\/\/www.buroperiodistico.com.mx\/wp-content\/uploads\/2026\/03\/Informex-300x183.jpeg 300w, https:\/\/www.buroperiodistico.com.mx\/wp-content\/uploads\/2026\/03\/Informex-768x467.jpeg 768w\" sizes=\"auto, (max-width: 487px) 100vw, 487px\" \/>Cd. Victoria, Tam (13-Marzo-2026).-<\/strong><\/em> El Congreso local recibi\u00f3 del Poder Ejecutivo estatal, el documento que contiene el estado que guarda la administraci\u00f3n p\u00fablica, correspondiente al Cuarto Informe de Gobierno, en cumplimiento de lo establecido por la Constituci\u00f3n Pol\u00edtica del Estado.<\/p>\n<p>En representaci\u00f3n del Gobernador Am\u00e9rico Villarreal Anaya, el Secretario General de Gobierno, H\u00e9ctor Joel Villegas Gonz\u00e1lez, acudi\u00f3 al recinto del Poder Legislativo, para hacer entrega formal del documento.<\/p>\n<p>Durante su intervenci\u00f3n, Villegas Gonz\u00e1lez se\u00f1al\u00f3 que el informe representa un ejercicio de rendici\u00f3n de cuentas y refleja el trabajo realizado por un gobierno con enfoque humanista.<\/p>\n<p>\u201cUn gobierno humanista que, de la mano del pueblo, avanza y transforma la vida p\u00fablica del estado; que trabaja por la seguridad, la paz y el desarrollo con bienestar dentro del Estado de Derecho, colocando en el centro de su acci\u00f3n a las personas\u201d, expres\u00f3.<\/p>\n<p>Al recibir el documento, el Presidente de la Mesa Directiva del Congreso, diputado Sergio Arturo Ojeda Castillo, se\u00f1al\u00f3 que este acto solemne constituye uno de los pilares de la vida democr\u00e1tica, al fortalecer la rendici\u00f3n de cuentas y la transparencia.<\/p>\n<p>\u201cEs un documento que da cuenta del trabajo realizado, de las acciones emprendidas y de los resultados impulsados para fortalecer el bienestar, el desarrollo y la transformaci\u00f3n de Tamaulipas\u201d, expres\u00f3.<\/p>\n<p>El legislador reconoci\u00f3 que gobernar una entidad como Tamaulipas implica liderazgo, compromiso y vocaci\u00f3n de servicio, al tiempo que destac\u00f3 y agradec\u00ed\u00f3 el respaldo institucional del Gobierno de M\u00e9xico.<\/p>\n<p>\u201cUn respaldo firme, solidario e incondicional de la doctora Claudia Sheinbaum Pardo, primera mujer presidenta de M\u00e9xico, quien ha acompa\u00f1ado a nuestro estado con acciones de gobierno con profundo enfoque social y comunitario\u201d, manifest\u00f3.<\/p>\n<p>Finalmente, el diputado Ojeda Castillo anunci\u00f3 el an\u00e1lisis del informe en la glosa con los integrantes del gabinete y reiter\u00f3 la disposici\u00f3n del Congreso para continuar trabajando de manera coordinada con los dem\u00e1s Poderes, a fin de fortalecer el marco legislativo que permita impulsar el desarrollo, la estabilidad y el bienestar de Tamaulipas.<\/p>\n<p><img loading=\"lazy\" decoding=\"async\" class=\"aligncenter size-full wp-image-203843\" src=\"https:\/\/www.buroperiodistico.com.mx\/wp-content\/uploads\/2026\/03\/Informex-I.jpeg\" alt=\"\" width=\"640\" height=\"427\" srcset=\"https:\/\/www.buroperiodistico.com.mx\/wp-content\/uploads\/2026\/03\/Informex-I.jpeg 640w, https:\/\/www.buroperiodistico.com.mx\/wp-content\/uploads\/2026\/03\/Informex-I-300x200.jpeg 300w\" sizes=\"auto, (max-width: 640px) 100vw, 640px\" \/> <img loading=\"lazy\" decoding=\"async\" class=\"aligncenter size-full wp-image-203848\" src=\"https:\/\/www.buroperiodistico.com.mx\/wp-content\/uploads\/2026\/03\/Informex-IIIIII.jpeg\" alt=\"\" width=\"640\" height=\"427\" srcset=\"https:\/\/www.buroperiodistico.com.mx\/wp-content\/uploads\/2026\/03\/Informex-IIIIII.jpeg 640w, https:\/\/www.buroperiodistico.com.mx\/wp-content\/uploads\/2026\/03\/Informex-IIIIII-300x200.jpeg 300w\" sizes=\"auto, (max-width: 640px) 100vw, 640px\" \/> <img loading=\"lazy\" decoding=\"async\" class=\"aligncenter size-full wp-image-203847\" src=\"https:\/\/www.buroperiodistico.com.mx\/wp-content\/uploads\/2026\/03\/Informex-IIIII.jpeg\" alt=\"\" width=\"640\" height=\"427\" srcset=\"https:\/\/www.buroperiodistico.com.mx\/wp-content\/uploads\/2026\/03\/Informex-IIIII.jpeg 640w, https:\/\/www.buroperiodistico.com.mx\/wp-content\/uploads\/2026\/03\/Informex-IIIII-300x200.jpeg 300w\" sizes=\"auto, (max-width: 640px) 100vw, 640px\" \/> <img loading=\"lazy\" decoding=\"async\" class=\"aligncenter size-full wp-image-203846\" src=\"https:\/\/www.buroperiodistico.com.mx\/wp-content\/uploads\/2026\/03\/Informex-IIII.jpeg\" alt=\"\" width=\"640\" height=\"427\" srcset=\"https:\/\/www.buroperiodistico.com.mx\/wp-content\/uploads\/2026\/03\/Informex-IIII.jpeg 640w, https:\/\/www.buroperiodistico.com.mx\/wp-content\/uploads\/2026\/03\/Informex-IIII-300x200.jpeg 300w\" sizes=\"auto, (max-width: 640px) 100vw, 640px\" \/> <img loading=\"lazy\" decoding=\"async\" class=\"aligncenter size-full wp-image-203845\" src=\"https:\/\/www.buroperiodistico.com.mx\/wp-content\/uploads\/2026\/03\/Informex-III.jpeg\" alt=\"\" width=\"640\" height=\"427\" srcset=\"https:\/\/www.buroperiodistico.com.mx\/wp-content\/uploads\/2026\/03\/Informex-III.jpeg 640w, https:\/\/www.buroperiodistico.com.mx\/wp-content\/uploads\/2026\/03\/Informex-III-300x200.jpeg 300w\" sizes=\"auto, (max-width: 640px) 100vw, 640px\" \/> <img loading=\"lazy\" decoding=\"async\" class=\"aligncenter size-full wp-image-203844\" src=\"https:\/\/www.buroperiodistico.com.mx\/wp-content\/uploads\/2026\/03\/Informex-II.jpeg\" alt=\"\" width=\"640\" height=\"427\" srcset=\"https:\/\/www.buroperiodistico.com.mx\/wp-content\/uploads\/2026\/03\/Informex-II.jpeg 640w, https:\/\/www.buroperiodistico.com.mx\/wp-content\/uploads\/2026\/03\/Informex-II-300x200.jpeg 300w\" sizes=\"auto, (max-width: 640px) 100vw, 640px\" \/><\/p>\n","protected":false},"excerpt":{"rendered":"<p>Cd. Victoria, Tam (13-Marzo-2026).- El Congreso local recibi\u00f3 del Poder Ejecutivo estatal, el documento que&#8230;<\/p>\n","protected":false},"author":1,"featured_media":203849,"comment_status":"closed","ping_status":"closed","sticky":false,"template":"","format":"standard","meta":{"footnotes":"","jetpack_publicize_message":"","jetpack_publicize_feature_enabled":true,"jetpack_social_post_already_shared":true,"jetpack_social_options":{"image_generator_settings":{"template":"highway","default_image_id":0,"font":"","enabled":false},"version":2}},"categories":[17],"tags":[],"class_list":["post-203842","post","type-post","status-publish","format-standard","has-post-thumbnail","hentry","category-ciudadvictoria"],"jetpack_publicize_connections":[],"_links":{"self":[{"href":"https:\/\/www.buroperiodistico.com.mx\/index.php?rest_route=\/wp\/v2\/posts\/203842","targetHints":{"allow":["GET"]}}],"collection":[{"href":"https:\/\/www.buroperiodistico.com.mx\/index.php?rest_route=\/wp\/v2\/posts"}],"about":[{"href":"https:\/\/www.buroperiodistico.com.mx\/index.php?rest_route=\/wp\/v2\/types\/post"}],"author":[{"embeddable":true,"href":"https:\/\/www.buroperiodistico.com.mx\/index.php?rest_route=\/wp\/v2\/users\/1"}],"replies":[{"embeddable":true,"href":"https:\/\/www.buroperiodistico.com.mx\/index.php?rest_route=%2Fwp%2Fv2%2Fcomments&post=203842"}],"version-history":[{"count":1,"href":"https:\/\/www.buroperiodistico.com.mx\/index.php?rest_route=\/wp\/v2\/posts\/203842\/revisions"}],"predecessor-version":[{"id":203850,"href":"https:\/\/www.buroperiodistico.com.mx\/index.php?rest_route=\/wp\/v2\/posts\/203842\/revisions\/203850"}],"wp:featuredmedia":[{"embeddable":true,"href":"https:\/\/www.buroperiodistico.com.mx\/index.php?rest_route=\/wp\/v2\/media\/203849"}],"wp:attachment":[{"href":"https:\/\/www.buroperiodistico.com.mx\/index.php?rest_route=%2Fwp%2Fv2%2Fmedia&parent=203842"}],"wp:term":[{"taxonomy":"category","embeddable":true,"href":"https:\/\/www.buroperiodistico.com.mx\/index.php?rest_route=%2Fwp%2Fv2%2Fcategories&post=203842"},{"taxonomy":"post_tag","embeddable":true,"href":"https:\/\/www.buroperiodistico.com.mx\/index.php?rest_route=%2Fwp%2Fv2%2Ftags&post=203842"}],"curies":[{"name":"wp","href":"https:\/\/api.w.org\/{rel}","templated":true}]}}