{"id":203836,"date":"2026-03-13T14:21:21","date_gmt":"2026-03-13T19:21:21","guid":{"rendered":"https:\/\/www.buroperiodistico.com.mx\/?p=203836"},"modified":"2026-03-13T14:21:21","modified_gmt":"2026-03-13T19:21:21","slug":"tomo-protesta-carlos-pena-ortiz-a-mesa-directiva-del-colegio-de-urbanistas-de-reynosa","status":"publish","type":"post","link":"https:\/\/www.buroperiodistico.com.mx\/?p=203836","title":{"rendered":"Tom\u00f3 protesta Carlos Pe\u00f1a Ortiz a Mesa Directiva del Colegio de Urbanistas de Reynosa"},"content":{"rendered":"<p><em><strong><img loading=\"lazy\" decoding=\"async\" class=\" wp-image-203840 alignright\" src=\"https:\/\/www.buroperiodistico.com.mx\/wp-content\/uploads\/2026\/03\/Protexz.jpeg\" alt=\"\" width=\"461\" height=\"287\" srcset=\"https:\/\/www.buroperiodistico.com.mx\/wp-content\/uploads\/2026\/03\/Protexz.jpeg 1024w, https:\/\/www.buroperiodistico.com.mx\/wp-content\/uploads\/2026\/03\/Protexz-300x187.jpeg 300w, https:\/\/www.buroperiodistico.com.mx\/wp-content\/uploads\/2026\/03\/Protexz-768x479.jpeg 768w\" sizes=\"auto, (max-width: 461px) 100vw, 461px\" \/>Reynosa, Tam (13-Marzo-2026).-<\/strong><\/em> La Mesa Directiva 2026-2028, del Colegio de Urbanistas de Reynosa A. C. rindi\u00f3 protesta ante el Presidente Municipal Carlos Pe\u00f1a Ortiz, a quien le fue conferido el honor del acto celebrado en el Museo del Ferrocarril, Historia, Arte y Maquila de Reynosa, MUFHAM.<\/p>\n<p>El Maestro Rogelio Avenda\u00f1o Garc\u00eda es el nuevo Presidente del Colegio al relevar en el cargo a la Maestra Mayra Alina Huerta Belmonte, quienes fueron felicitados por los asistentes, entre quienes participaron los Secretarios Eduardo L\u00f3pez Arias, de Obras P\u00fablicas y Nohem\u00ed Alem\u00e1n Hern\u00e1ndez, de Desarrollo Urbano y Medio Ambiente.<\/p>\n<p>\u00abEl urbanismo es clave para el crecimiento ordenado y sostenible de nuestra ciudad. Sigamos construyendo una Reynosa con visi\u00f3n y planeaci\u00f3n estrat\u00e9gica\u00bb, asegur\u00f3 el Alcalde y felicit\u00f3 a la nueva Directiva e integrantes del organismo.<\/p>\n<p>#ReynosaImprable<br \/>\n#GobiernoMunicipalDeReynosa<\/p>\n<p><img loading=\"lazy\" decoding=\"async\" class=\"aligncenter size-full wp-image-203837\" src=\"https:\/\/www.buroperiodistico.com.mx\/wp-content\/uploads\/2026\/03\/Protexz-I.jpeg\" alt=\"\" width=\"640\" height=\"427\" srcset=\"https:\/\/www.buroperiodistico.com.mx\/wp-content\/uploads\/2026\/03\/Protexz-I.jpeg 640w, https:\/\/www.buroperiodistico.com.mx\/wp-content\/uploads\/2026\/03\/Protexz-I-300x200.jpeg 300w\" sizes=\"auto, (max-width: 640px) 100vw, 640px\" \/> <img loading=\"lazy\" decoding=\"async\" class=\"aligncenter size-full wp-image-203839\" src=\"https:\/\/www.buroperiodistico.com.mx\/wp-content\/uploads\/2026\/03\/Protexz-III.jpeg\" alt=\"\" width=\"640\" height=\"426\" srcset=\"https:\/\/www.buroperiodistico.com.mx\/wp-content\/uploads\/2026\/03\/Protexz-III.jpeg 640w, https:\/\/www.buroperiodistico.com.mx\/wp-content\/uploads\/2026\/03\/Protexz-III-300x200.jpeg 300w\" sizes=\"auto, (max-width: 640px) 100vw, 640px\" \/> <img loading=\"lazy\" decoding=\"async\" class=\"aligncenter size-full wp-image-203838\" src=\"https:\/\/www.buroperiodistico.com.mx\/wp-content\/uploads\/2026\/03\/Protexz-II.jpeg\" alt=\"\" width=\"640\" height=\"427\" srcset=\"https:\/\/www.buroperiodistico.com.mx\/wp-content\/uploads\/2026\/03\/Protexz-II.jpeg 640w, https:\/\/www.buroperiodistico.com.mx\/wp-content\/uploads\/2026\/03\/Protexz-II-300x200.jpeg 300w\" sizes=\"auto, (max-width: 640px) 100vw, 640px\" \/><\/p>\n","protected":false},"excerpt":{"rendered":"<p>Reynosa, Tam (13-Marzo-2026).- La Mesa Directiva 2026-2028, del Colegio de Urbanistas de Reynosa A. C&#8230;.<\/p>\n","protected":false},"author":1,"featured_media":203840,"comment_status":"closed","ping_status":"closed","sticky":false,"template":"","format":"standard","meta":{"footnotes":"","jetpack_publicize_message":"","jetpack_publicize_feature_enabled":true,"jetpack_social_post_already_shared":true,"jetpack_social_options":{"image_generator_settings":{"template":"highway","default_image_id":0,"font":"","enabled":false},"version":2}},"categories":[25,9],"tags":[],"class_list":["post-203836","post","type-post","status-publish","format-standard","has-post-thumbnail","hentry","category-portada","category-reynosa"],"jetpack_publicize_connections":[],"_links":{"self":[{"href":"https:\/\/www.buroperiodistico.com.mx\/index.php?rest_route=\/wp\/v2\/posts\/203836","targetHints":{"allow":["GET"]}}],"collection":[{"href":"https:\/\/www.buroperiodistico.com.mx\/index.php?rest_route=\/wp\/v2\/posts"}],"about":[{"href":"https:\/\/www.buroperiodistico.com.mx\/index.php?rest_route=\/wp\/v2\/types\/post"}],"author":[{"embeddable":true,"href":"https:\/\/www.buroperiodistico.com.mx\/index.php?rest_route=\/wp\/v2\/users\/1"}],"replies":[{"embeddable":true,"href":"https:\/\/www.buroperiodistico.com.mx\/index.php?rest_route=%2Fwp%2Fv2%2Fcomments&post=203836"}],"version-history":[{"count":1,"href":"https:\/\/www.buroperiodistico.com.mx\/index.php?rest_route=\/wp\/v2\/posts\/203836\/revisions"}],"predecessor-version":[{"id":203841,"href":"https:\/\/www.buroperiodistico.com.mx\/index.php?rest_route=\/wp\/v2\/posts\/203836\/revisions\/203841"}],"wp:featuredmedia":[{"embeddable":true,"href":"https:\/\/www.buroperiodistico.com.mx\/index.php?rest_route=\/wp\/v2\/media\/203840"}],"wp:attachment":[{"href":"https:\/\/www.buroperiodistico.com.mx\/index.php?rest_route=%2Fwp%2Fv2%2Fmedia&parent=203836"}],"wp:term":[{"taxonomy":"category","embeddable":true,"href":"https:\/\/www.buroperiodistico.com.mx\/index.php?rest_route=%2Fwp%2Fv2%2Fcategories&post=203836"},{"taxonomy":"post_tag","embeddable":true,"href":"https:\/\/www.buroperiodistico.com.mx\/index.php?rest_route=%2Fwp%2Fv2%2Ftags&post=203836"}],"curies":[{"name":"wp","href":"https:\/\/api.w.org\/{rel}","templated":true}]}}