{"id":203832,"date":"2026-03-13T13:36:33","date_gmt":"2026-03-13T18:36:33","guid":{"rendered":"https:\/\/www.buroperiodistico.com.mx\/?p=203832"},"modified":"2026-03-13T13:36:33","modified_gmt":"2026-03-13T18:36:33","slug":"invita-dif-reynosa-a-venta-de-manualidades-en-apoyo-a-abuelitas-de-casas-club","status":"publish","type":"post","link":"https:\/\/www.buroperiodistico.com.mx\/?p=203832","title":{"rendered":"Invita DIF-Reynosa a venta de manualidades en apoyo a abuelitas de Casas Club"},"content":{"rendered":"<p><em><strong><img loading=\"lazy\" decoding=\"async\" class=\" wp-image-203834 alignright\" src=\"https:\/\/www.buroperiodistico.com.mx\/wp-content\/uploads\/2026\/03\/DIFx-4.jpeg\" alt=\"\" width=\"509\" height=\"309\" srcset=\"https:\/\/www.buroperiodistico.com.mx\/wp-content\/uploads\/2026\/03\/DIFx-4.jpeg 1024w, https:\/\/www.buroperiodistico.com.mx\/wp-content\/uploads\/2026\/03\/DIFx-4-300x182.jpeg 300w, https:\/\/www.buroperiodistico.com.mx\/wp-content\/uploads\/2026\/03\/DIFx-4-768x467.jpeg 768w\" sizes=\"auto, (max-width: 509px) 100vw, 509px\" \/>Reynosa, Tam (13-Marzo-2026).-<\/strong><\/em> El Sistema DIF-Reynosa que preside Carlos Luis Pe\u00f1a Garza, invita a la ciudadan\u00eda a participar en la venta de manualidades, una actividad que tiene como objetivo apoyar a las abuelitas que forman parte del programa Casas Club del Adulto Mayor, donde desarrollan habilidades y elaboran diferentes productos.<\/p>\n<p>Se ofrecer\u00e1n al p\u00fablico bordados, tejidos y diversos art\u00edculos hechos a mano, resultado del trabajo que realizan en los talleres que promueve el organismo para fomentar la convivencia, el aprendizaje y el desarrollo personal de las personas adultas mayores.<\/p>\n<p>La venta se llevar\u00e1 a cabo este s\u00e1bado 14 y domingo 15 de marzo, de 10:00 de la ma\u00f1ana a 06:00 de la tarde, en la plaza principal \u201cMiguel Hidalgo\u201d.<\/p>\n<p><img loading=\"lazy\" decoding=\"async\" class=\"aligncenter size-full wp-image-203833\" src=\"https:\/\/www.buroperiodistico.com.mx\/wp-content\/uploads\/2026\/03\/DIFx-I-3.jpeg\" alt=\"\" width=\"640\" height=\"427\" srcset=\"https:\/\/www.buroperiodistico.com.mx\/wp-content\/uploads\/2026\/03\/DIFx-I-3.jpeg 640w, https:\/\/www.buroperiodistico.com.mx\/wp-content\/uploads\/2026\/03\/DIFx-I-3-300x200.jpeg 300w\" sizes=\"auto, (max-width: 640px) 100vw, 640px\" \/><\/p>\n","protected":false},"excerpt":{"rendered":"<p>Reynosa, Tam (13-Marzo-2026).- El Sistema DIF-Reynosa que preside Carlos Luis Pe\u00f1a Garza, invita a la&#8230;<\/p>\n","protected":false},"author":1,"featured_media":203834,"comment_status":"closed","ping_status":"closed","sticky":false,"template":"","format":"standard","meta":{"footnotes":"","jetpack_publicize_message":"","jetpack_publicize_feature_enabled":true,"jetpack_social_post_already_shared":true,"jetpack_social_options":{"image_generator_settings":{"template":"highway","default_image_id":0,"font":"","enabled":false},"version":2}},"categories":[9],"tags":[],"class_list":["post-203832","post","type-post","status-publish","format-standard","has-post-thumbnail","hentry","category-reynosa"],"jetpack_publicize_connections":[],"_links":{"self":[{"href":"https:\/\/www.buroperiodistico.com.mx\/index.php?rest_route=\/wp\/v2\/posts\/203832","targetHints":{"allow":["GET"]}}],"collection":[{"href":"https:\/\/www.buroperiodistico.com.mx\/index.php?rest_route=\/wp\/v2\/posts"}],"about":[{"href":"https:\/\/www.buroperiodistico.com.mx\/index.php?rest_route=\/wp\/v2\/types\/post"}],"author":[{"embeddable":true,"href":"https:\/\/www.buroperiodistico.com.mx\/index.php?rest_route=\/wp\/v2\/users\/1"}],"replies":[{"embeddable":true,"href":"https:\/\/www.buroperiodistico.com.mx\/index.php?rest_route=%2Fwp%2Fv2%2Fcomments&post=203832"}],"version-history":[{"count":1,"href":"https:\/\/www.buroperiodistico.com.mx\/index.php?rest_route=\/wp\/v2\/posts\/203832\/revisions"}],"predecessor-version":[{"id":203835,"href":"https:\/\/www.buroperiodistico.com.mx\/index.php?rest_route=\/wp\/v2\/posts\/203832\/revisions\/203835"}],"wp:featuredmedia":[{"embeddable":true,"href":"https:\/\/www.buroperiodistico.com.mx\/index.php?rest_route=\/wp\/v2\/media\/203834"}],"wp:attachment":[{"href":"https:\/\/www.buroperiodistico.com.mx\/index.php?rest_route=%2Fwp%2Fv2%2Fmedia&parent=203832"}],"wp:term":[{"taxonomy":"category","embeddable":true,"href":"https:\/\/www.buroperiodistico.com.mx\/index.php?rest_route=%2Fwp%2Fv2%2Fcategories&post=203832"},{"taxonomy":"post_tag","embeddable":true,"href":"https:\/\/www.buroperiodistico.com.mx\/index.php?rest_route=%2Fwp%2Fv2%2Ftags&post=203832"}],"curies":[{"name":"wp","href":"https:\/\/api.w.org\/{rel}","templated":true}]}}