{"id":203825,"date":"2026-03-13T11:31:06","date_gmt":"2026-03-13T16:31:06","guid":{"rendered":"https:\/\/www.buroperiodistico.com.mx\/?p=203825"},"modified":"2026-03-13T11:31:06","modified_gmt":"2026-03-13T16:31:06","slug":"inauguraron-carlos-pena-ortiz-y-vecinos-una-calle-mas-en-ampliacion-16-de-septiembre","status":"publish","type":"post","link":"https:\/\/www.buroperiodistico.com.mx\/?p=203825","title":{"rendered":"Inauguraron Carlos Pe\u00f1a Ortiz y vecinos, una calle m\u00e1s en Ampliaci\u00f3n 16 de Septiembre"},"content":{"rendered":"<p><em><strong><img loading=\"lazy\" decoding=\"async\" class=\" wp-image-203830 alignright\" src=\"https:\/\/www.buroperiodistico.com.mx\/wp-content\/uploads\/2026\/03\/CPOx-5.jpeg\" alt=\"\" width=\"524\" height=\"316\" srcset=\"https:\/\/www.buroperiodistico.com.mx\/wp-content\/uploads\/2026\/03\/CPOx-5.jpeg 1024w, https:\/\/www.buroperiodistico.com.mx\/wp-content\/uploads\/2026\/03\/CPOx-5-300x181.jpeg 300w, https:\/\/www.buroperiodistico.com.mx\/wp-content\/uploads\/2026\/03\/CPOx-5-768x464.jpeg 768w\" sizes=\"auto, (max-width: 524px) 100vw, 524px\" \/>Reynosa, Tam (13-Marzo-2026).-<\/strong><\/em> Vecinos de la colonia Ampliaci\u00f3n 16 de Septiembre recibieron al Presidente Municipal Carlos Pe\u00f1a Ortiz a quien agradecieron su inter\u00e9s por el bienestar de las familias reynosenses, al pavimentar por medio del R. Ayuntamiento, la calle Agust\u00edn Melgar, entre Juan Escutia e Independencia una obra que beneficia a cerca de 200 familias.<\/p>\n<p>\u00abMe ense\u00f1an las fotos de c\u00f3mo estaba aqu\u00ed antes, pues era un r\u00edo, tambi\u00e9n ten\u00eda maleza, y el d\u00eda de hoy pues como ustedes pueden ver ya est\u00e1 una calle m\u00e1s pavimentada\u00bb, dijo el Alcalde, que fue respondido en coro por las familias: \u00ab\u00a1una calle m\u00e1s, una calle m\u00e1s, una calle m\u00e1s!\u00bb.<\/p>\n<p>\u00abGracias a los impuestos de los reynosenses estamos invirtiendo en todos los sectores, faltan muchas calles, pero hemos avanzado bastante\u00bb, dijo, acompa\u00f1ado por la se\u00f1ora Esmeralda M\u00e1rtir \u00c1vila, representante de los vecinos; por los Secretarios Municipales Eduardo L\u00f3pez Arias, H\u00e9ctor Alejandro Olivares Zavala, y miembros del Cabildo.<\/p>\n<p>#ReynosaImparable<br \/>\n#GobiernoMunicipalDeReynosa<\/p>\n<p><img loading=\"lazy\" decoding=\"async\" class=\"aligncenter size-full wp-image-203826\" src=\"https:\/\/www.buroperiodistico.com.mx\/wp-content\/uploads\/2026\/03\/CPOx-I-5.jpeg\" alt=\"\" width=\"640\" height=\"382\" srcset=\"https:\/\/www.buroperiodistico.com.mx\/wp-content\/uploads\/2026\/03\/CPOx-I-5.jpeg 640w, https:\/\/www.buroperiodistico.com.mx\/wp-content\/uploads\/2026\/03\/CPOx-I-5-300x179.jpeg 300w\" sizes=\"auto, (max-width: 640px) 100vw, 640px\" \/> <img loading=\"lazy\" decoding=\"async\" class=\"aligncenter size-full wp-image-203829\" src=\"https:\/\/www.buroperiodistico.com.mx\/wp-content\/uploads\/2026\/03\/CPOx-IIII-4.jpeg\" alt=\"\" width=\"640\" height=\"427\" srcset=\"https:\/\/www.buroperiodistico.com.mx\/wp-content\/uploads\/2026\/03\/CPOx-IIII-4.jpeg 640w, https:\/\/www.buroperiodistico.com.mx\/wp-content\/uploads\/2026\/03\/CPOx-IIII-4-300x200.jpeg 300w\" sizes=\"auto, (max-width: 640px) 100vw, 640px\" \/> <img loading=\"lazy\" decoding=\"async\" class=\"aligncenter size-full wp-image-203828\" src=\"https:\/\/www.buroperiodistico.com.mx\/wp-content\/uploads\/2026\/03\/CPOx-III-5.jpeg\" alt=\"\" width=\"640\" height=\"426\" srcset=\"https:\/\/www.buroperiodistico.com.mx\/wp-content\/uploads\/2026\/03\/CPOx-III-5.jpeg 640w, https:\/\/www.buroperiodistico.com.mx\/wp-content\/uploads\/2026\/03\/CPOx-III-5-300x200.jpeg 300w\" sizes=\"auto, (max-width: 640px) 100vw, 640px\" \/> <img loading=\"lazy\" decoding=\"async\" class=\"aligncenter size-full wp-image-203827\" src=\"https:\/\/www.buroperiodistico.com.mx\/wp-content\/uploads\/2026\/03\/CPOx-II-5.jpeg\" alt=\"\" width=\"640\" height=\"427\" srcset=\"https:\/\/www.buroperiodistico.com.mx\/wp-content\/uploads\/2026\/03\/CPOx-II-5.jpeg 640w, https:\/\/www.buroperiodistico.com.mx\/wp-content\/uploads\/2026\/03\/CPOx-II-5-300x200.jpeg 300w\" sizes=\"auto, (max-width: 640px) 100vw, 640px\" \/><\/p>\n","protected":false},"excerpt":{"rendered":"<p>Reynosa, Tam (13-Marzo-2026).- Vecinos de la colonia Ampliaci\u00f3n 16 de Septiembre recibieron al Presidente Municipal&#8230;<\/p>\n","protected":false},"author":1,"featured_media":203830,"comment_status":"closed","ping_status":"closed","sticky":false,"template":"","format":"standard","meta":{"footnotes":"","jetpack_publicize_message":"","jetpack_publicize_feature_enabled":true,"jetpack_social_post_already_shared":true,"jetpack_social_options":{"image_generator_settings":{"template":"highway","default_image_id":0,"font":"","enabled":false},"version":2}},"categories":[25,9],"tags":[],"class_list":["post-203825","post","type-post","status-publish","format-standard","has-post-thumbnail","hentry","category-portada","category-reynosa"],"jetpack_publicize_connections":[],"_links":{"self":[{"href":"https:\/\/www.buroperiodistico.com.mx\/index.php?rest_route=\/wp\/v2\/posts\/203825","targetHints":{"allow":["GET"]}}],"collection":[{"href":"https:\/\/www.buroperiodistico.com.mx\/index.php?rest_route=\/wp\/v2\/posts"}],"about":[{"href":"https:\/\/www.buroperiodistico.com.mx\/index.php?rest_route=\/wp\/v2\/types\/post"}],"author":[{"embeddable":true,"href":"https:\/\/www.buroperiodistico.com.mx\/index.php?rest_route=\/wp\/v2\/users\/1"}],"replies":[{"embeddable":true,"href":"https:\/\/www.buroperiodistico.com.mx\/index.php?rest_route=%2Fwp%2Fv2%2Fcomments&post=203825"}],"version-history":[{"count":1,"href":"https:\/\/www.buroperiodistico.com.mx\/index.php?rest_route=\/wp\/v2\/posts\/203825\/revisions"}],"predecessor-version":[{"id":203831,"href":"https:\/\/www.buroperiodistico.com.mx\/index.php?rest_route=\/wp\/v2\/posts\/203825\/revisions\/203831"}],"wp:featuredmedia":[{"embeddable":true,"href":"https:\/\/www.buroperiodistico.com.mx\/index.php?rest_route=\/wp\/v2\/media\/203830"}],"wp:attachment":[{"href":"https:\/\/www.buroperiodistico.com.mx\/index.php?rest_route=%2Fwp%2Fv2%2Fmedia&parent=203825"}],"wp:term":[{"taxonomy":"category","embeddable":true,"href":"https:\/\/www.buroperiodistico.com.mx\/index.php?rest_route=%2Fwp%2Fv2%2Fcategories&post=203825"},{"taxonomy":"post_tag","embeddable":true,"href":"https:\/\/www.buroperiodistico.com.mx\/index.php?rest_route=%2Fwp%2Fv2%2Ftags&post=203825"}],"curies":[{"name":"wp","href":"https:\/\/api.w.org\/{rel}","templated":true}]}}