{"id":203820,"date":"2026-03-13T11:22:52","date_gmt":"2026-03-13T16:22:52","guid":{"rendered":"https:\/\/www.buroperiodistico.com.mx\/?p=203820"},"modified":"2026-03-13T11:22:52","modified_gmt":"2026-03-13T16:22:52","slug":"alerta-circulacion-cerrada-en-tres-carriles-de-carretera-victoria-matamoros","status":"publish","type":"post","link":"https:\/\/www.buroperiodistico.com.mx\/?p=203820","title":{"rendered":"Alerta: circulaci\u00f3n cerrada en tres carriles de Carretera Victoria-Matamoros"},"content":{"rendered":"<p><em><strong><img loading=\"lazy\" decoding=\"async\" class=\" wp-image-203822 alignright\" src=\"https:\/\/www.buroperiodistico.com.mx\/wp-content\/uploads\/2026\/03\/Axiix.jpeg\" alt=\"\" width=\"544\" height=\"325\" srcset=\"https:\/\/www.buroperiodistico.com.mx\/wp-content\/uploads\/2026\/03\/Axiix.jpeg 1024w, https:\/\/www.buroperiodistico.com.mx\/wp-content\/uploads\/2026\/03\/Axiix-300x179.jpeg 300w, https:\/\/www.buroperiodistico.com.mx\/wp-content\/uploads\/2026\/03\/Axiix-768x459.jpeg 768w\" sizes=\"auto, (max-width: 544px) 100vw, 544px\" \/>Jim\u00e9nez, Tamaulipas (13-Marzo-2026).-<\/strong><\/em> Derivado de un accidente vehicular con personas lesionadas, la circulaci\u00f3n vial se encuentra cerrada en tres carriles de la Carretera Federal 101 Victoria-Matamoros.<\/p>\n<p>El percance se suscit\u00f3 en las inmediaciones del ejido Sor Juana In\u00e9s De la Cruz ubicado en el municipio de Jim\u00e9nez.<\/p>\n<p>El saldo fue de siete personas lesionadas, de las cuales, cinco son menores de edad.<\/p>\n<p>Personal de la Guardia Estatal de Apoyo Carretero comisionado a la Estaci\u00f3n Segura Los Rayones se encuentra coadyuvando con elementos de Protecci\u00f3n Civil y Guardia Nacional en las maniobras necesarias de auxilio y seguridad vial.<\/p>\n<p><img loading=\"lazy\" decoding=\"async\" class=\"aligncenter size-full wp-image-203821\" src=\"https:\/\/www.buroperiodistico.com.mx\/wp-content\/uploads\/2026\/03\/Axiix-I.jpeg\" alt=\"\" width=\"507\" height=\"480\" srcset=\"https:\/\/www.buroperiodistico.com.mx\/wp-content\/uploads\/2026\/03\/Axiix-I.jpeg 507w, https:\/\/www.buroperiodistico.com.mx\/wp-content\/uploads\/2026\/03\/Axiix-I-300x284.jpeg 300w\" sizes=\"auto, (max-width: 507px) 100vw, 507px\" \/><\/p>\n","protected":false},"excerpt":{"rendered":"<p>Jim\u00e9nez, Tamaulipas (13-Marzo-2026).- Derivado de un accidente vehicular con personas lesionadas, la circulaci\u00f3n vial se&#8230;<\/p>\n","protected":false},"author":1,"featured_media":203822,"comment_status":"closed","ping_status":"closed","sticky":false,"template":"","format":"standard","meta":{"footnotes":"","jetpack_publicize_message":"","jetpack_publicize_feature_enabled":true,"jetpack_social_post_already_shared":true,"jetpack_social_options":{"image_generator_settings":{"template":"highway","default_image_id":0,"font":"","enabled":false},"version":2}},"categories":[10],"tags":[],"class_list":["post-203820","post","type-post","status-publish","format-standard","has-post-thumbnail","hentry","category-tamaulipas"],"jetpack_publicize_connections":[],"_links":{"self":[{"href":"https:\/\/www.buroperiodistico.com.mx\/index.php?rest_route=\/wp\/v2\/posts\/203820","targetHints":{"allow":["GET"]}}],"collection":[{"href":"https:\/\/www.buroperiodistico.com.mx\/index.php?rest_route=\/wp\/v2\/posts"}],"about":[{"href":"https:\/\/www.buroperiodistico.com.mx\/index.php?rest_route=\/wp\/v2\/types\/post"}],"author":[{"embeddable":true,"href":"https:\/\/www.buroperiodistico.com.mx\/index.php?rest_route=\/wp\/v2\/users\/1"}],"replies":[{"embeddable":true,"href":"https:\/\/www.buroperiodistico.com.mx\/index.php?rest_route=%2Fwp%2Fv2%2Fcomments&post=203820"}],"version-history":[{"count":2,"href":"https:\/\/www.buroperiodistico.com.mx\/index.php?rest_route=\/wp\/v2\/posts\/203820\/revisions"}],"predecessor-version":[{"id":203824,"href":"https:\/\/www.buroperiodistico.com.mx\/index.php?rest_route=\/wp\/v2\/posts\/203820\/revisions\/203824"}],"wp:featuredmedia":[{"embeddable":true,"href":"https:\/\/www.buroperiodistico.com.mx\/index.php?rest_route=\/wp\/v2\/media\/203822"}],"wp:attachment":[{"href":"https:\/\/www.buroperiodistico.com.mx\/index.php?rest_route=%2Fwp%2Fv2%2Fmedia&parent=203820"}],"wp:term":[{"taxonomy":"category","embeddable":true,"href":"https:\/\/www.buroperiodistico.com.mx\/index.php?rest_route=%2Fwp%2Fv2%2Fcategories&post=203820"},{"taxonomy":"post_tag","embeddable":true,"href":"https:\/\/www.buroperiodistico.com.mx\/index.php?rest_route=%2Fwp%2Fv2%2Ftags&post=203820"}],"curies":[{"name":"wp","href":"https:\/\/api.w.org\/{rel}","templated":true}]}}