{"id":203802,"date":"2026-03-12T23:11:47","date_gmt":"2026-03-13T04:11:47","guid":{"rendered":"https:\/\/www.buroperiodistico.com.mx\/?p=203802"},"modified":"2026-03-12T23:11:47","modified_gmt":"2026-03-13T04:11:47","slug":"tendra-reynosa-temperatura-variada-en-proximos-dias","status":"publish","type":"post","link":"https:\/\/www.buroperiodistico.com.mx\/?p=203802","title":{"rendered":"Tendr\u00e1 Reynosa temperatura variada en pr\u00f3ximos d\u00edas"},"content":{"rendered":"<p><em><strong>Reynosa, Tam (12-Marzo-2026).-<\/strong><\/em> El Gobierno Municipal de Reynosa le comparte el pronostico del clima para los pr\u00f3ximos d\u00edas, que debido al paso del Frente Fr\u00edo N\u00famero 40 la temperatura ser\u00e1 variable, con noches y amaneceres frescos a fr\u00edos, y d\u00edas muy calurosos durante las horas de sol.<\/p>\n<p>Temperatura estimada en Grados Celsius o Cent\u00edgrados:<br \/>\n&#8211; Viernes 13 de marzo: M\u00e1xima 32\u00b0, m\u00ednima 17\u00b0.<br \/>\n&#8211; S\u00e1bado 14 de marzo: M\u00e1xima 34\u00b0, m\u00ednima 21\u00b0.<br \/>\n&#8211; Domingo 15 de marzo: M\u00e1xima 39\u00b0, m\u00ednima 14\u00b0.<br \/>\n&#8211; Lunes 16 de marzo: M\u00e1xima 20\u00b0, m\u00ednima 8\u00b0.<\/p>\n<p>#ReynosaImparable<br \/>\n#GobiernoMunicipalDeReynosa<\/p>\n<p><img loading=\"lazy\" decoding=\"async\" class=\"aligncenter  wp-image-203803\" src=\"https:\/\/www.buroperiodistico.com.mx\/wp-content\/uploads\/2026\/03\/Friox.jpg\" alt=\"\" width=\"895\" height=\"484\" srcset=\"https:\/\/www.buroperiodistico.com.mx\/wp-content\/uploads\/2026\/03\/Friox.jpg 1110w, https:\/\/www.buroperiodistico.com.mx\/wp-content\/uploads\/2026\/03\/Friox-300x162.jpg 300w, https:\/\/www.buroperiodistico.com.mx\/wp-content\/uploads\/2026\/03\/Friox-1024x554.jpg 1024w, https:\/\/www.buroperiodistico.com.mx\/wp-content\/uploads\/2026\/03\/Friox-768x415.jpg 768w\" sizes=\"auto, (max-width: 895px) 100vw, 895px\" \/><\/p>\n","protected":false},"excerpt":{"rendered":"<p>Reynosa, Tam (12-Marzo-2026).- El Gobierno Municipal de Reynosa le comparte el pronostico del clima para&#8230;<\/p>\n","protected":false},"author":1,"featured_media":203803,"comment_status":"closed","ping_status":"closed","sticky":false,"template":"","format":"standard","meta":{"footnotes":"","jetpack_publicize_message":"","jetpack_publicize_feature_enabled":true,"jetpack_social_post_already_shared":true,"jetpack_social_options":{"image_generator_settings":{"template":"highway","default_image_id":0,"font":"","enabled":false},"version":2}},"categories":[9],"tags":[],"class_list":["post-203802","post","type-post","status-publish","format-standard","has-post-thumbnail","hentry","category-reynosa"],"jetpack_publicize_connections":[],"_links":{"self":[{"href":"https:\/\/www.buroperiodistico.com.mx\/index.php?rest_route=\/wp\/v2\/posts\/203802","targetHints":{"allow":["GET"]}}],"collection":[{"href":"https:\/\/www.buroperiodistico.com.mx\/index.php?rest_route=\/wp\/v2\/posts"}],"about":[{"href":"https:\/\/www.buroperiodistico.com.mx\/index.php?rest_route=\/wp\/v2\/types\/post"}],"author":[{"embeddable":true,"href":"https:\/\/www.buroperiodistico.com.mx\/index.php?rest_route=\/wp\/v2\/users\/1"}],"replies":[{"embeddable":true,"href":"https:\/\/www.buroperiodistico.com.mx\/index.php?rest_route=%2Fwp%2Fv2%2Fcomments&post=203802"}],"version-history":[{"count":1,"href":"https:\/\/www.buroperiodistico.com.mx\/index.php?rest_route=\/wp\/v2\/posts\/203802\/revisions"}],"predecessor-version":[{"id":203804,"href":"https:\/\/www.buroperiodistico.com.mx\/index.php?rest_route=\/wp\/v2\/posts\/203802\/revisions\/203804"}],"wp:featuredmedia":[{"embeddable":true,"href":"https:\/\/www.buroperiodistico.com.mx\/index.php?rest_route=\/wp\/v2\/media\/203803"}],"wp:attachment":[{"href":"https:\/\/www.buroperiodistico.com.mx\/index.php?rest_route=%2Fwp%2Fv2%2Fmedia&parent=203802"}],"wp:term":[{"taxonomy":"category","embeddable":true,"href":"https:\/\/www.buroperiodistico.com.mx\/index.php?rest_route=%2Fwp%2Fv2%2Fcategories&post=203802"},{"taxonomy":"post_tag","embeddable":true,"href":"https:\/\/www.buroperiodistico.com.mx\/index.php?rest_route=%2Fwp%2Fv2%2Ftags&post=203802"}],"curies":[{"name":"wp","href":"https:\/\/api.w.org\/{rel}","templated":true}]}}