{"id":203797,"date":"2026-03-12T22:03:22","date_gmt":"2026-03-13T03:03:22","guid":{"rendered":"https:\/\/www.buroperiodistico.com.mx\/?p=203797"},"modified":"2026-03-12T22:03:22","modified_gmt":"2026-03-13T03:03:22","slug":"congreso-recibira-este-viernes-cuarto-informe-de-americo","status":"publish","type":"post","link":"https:\/\/www.buroperiodistico.com.mx\/?p=203797","title":{"rendered":"Congreso recibir\u00e1 este viernes Cuarto Informe de Am\u00e9rico"},"content":{"rendered":"<p><em><strong><img loading=\"lazy\" decoding=\"async\" class=\" wp-image-203800 alignright\" src=\"https:\/\/www.buroperiodistico.com.mx\/wp-content\/uploads\/2026\/03\/Congresorecibira.jpeg\" alt=\"\" width=\"427\" height=\"265\" srcset=\"https:\/\/www.buroperiodistico.com.mx\/wp-content\/uploads\/2026\/03\/Congresorecibira.jpeg 1024w, https:\/\/www.buroperiodistico.com.mx\/wp-content\/uploads\/2026\/03\/Congresorecibira-300x186.jpeg 300w, https:\/\/www.buroperiodistico.com.mx\/wp-content\/uploads\/2026\/03\/Congresorecibira-768x477.jpeg 768w\" sizes=\"auto, (max-width: 427px) 100vw, 427px\" \/>Ciudad Victoria, Tamaulipas (12-Marzo-2026).-<\/strong><\/em> En representaci\u00f3n del gobernador de Tamaulipas, Am\u00e9rico Villarreal Anaya, el secretario general de Gobierno, H\u00e9ctor Joel Villegas Gonz\u00e1lez, entregar\u00e1 este viernes al Congreso del Estado el Cuarto Informe del estado que guarda la administraci\u00f3n p\u00fablica estatal.<\/p>\n<p>Durante la sesi\u00f3n p\u00fablica y solemne, que dar\u00e1 inicio a las 11 horas, el representante gubernamental dar\u00e1 cumplimiento, ante el pleno legislativo, a lo establecido en la Constituci\u00f3n Pol\u00edtica del Estado de Tamaulipas y har\u00e1 entrega al presidente de la Mesa Directiva del Congreso del Estado, diputado Sergio Arturo Ojeda Castillo, el documento que detalla las pol\u00edticas p\u00fablicas, acciones y programas que est\u00e1n en marcha para el desarrollo y bienestar de las y los tamaulipecos.<\/p>\n<p>Ser\u00e1 el pr\u00f3ximo lunes 23 de marzo cuando el titular del Ejecutivo estatal presente su informe al pueblo de Tamaulipas, en un acto que se celebrar\u00e1 en el Polyforum de Ciudad Victoria.<\/p>\n<p><img loading=\"lazy\" decoding=\"async\" class=\"aligncenter size-full wp-image-203798\" src=\"https:\/\/www.buroperiodistico.com.mx\/wp-content\/uploads\/2026\/03\/Congresorecibira-I.jpeg\" alt=\"\" width=\"640\" height=\"427\" srcset=\"https:\/\/www.buroperiodistico.com.mx\/wp-content\/uploads\/2026\/03\/Congresorecibira-I.jpeg 640w, https:\/\/www.buroperiodistico.com.mx\/wp-content\/uploads\/2026\/03\/Congresorecibira-I-300x200.jpeg 300w\" sizes=\"auto, (max-width: 640px) 100vw, 640px\" \/> <img loading=\"lazy\" decoding=\"async\" class=\"aligncenter size-full wp-image-203799\" src=\"https:\/\/www.buroperiodistico.com.mx\/wp-content\/uploads\/2026\/03\/Congresorecibira-II.jpeg\" alt=\"\" width=\"640\" height=\"427\" srcset=\"https:\/\/www.buroperiodistico.com.mx\/wp-content\/uploads\/2026\/03\/Congresorecibira-II.jpeg 640w, https:\/\/www.buroperiodistico.com.mx\/wp-content\/uploads\/2026\/03\/Congresorecibira-II-300x200.jpeg 300w\" sizes=\"auto, (max-width: 640px) 100vw, 640px\" \/><\/p>\n","protected":false},"excerpt":{"rendered":"<p>Ciudad Victoria, Tamaulipas (12-Marzo-2026).- En representaci\u00f3n del gobernador de Tamaulipas, Am\u00e9rico Villarreal Anaya, el secretario&#8230;<\/p>\n","protected":false},"author":1,"featured_media":203800,"comment_status":"closed","ping_status":"closed","sticky":false,"template":"","format":"standard","meta":{"footnotes":"","jetpack_publicize_message":"","jetpack_publicize_feature_enabled":true,"jetpack_social_post_already_shared":true,"jetpack_social_options":{"image_generator_settings":{"template":"highway","default_image_id":0,"font":"","enabled":false},"version":2}},"categories":[25,10],"tags":[],"class_list":["post-203797","post","type-post","status-publish","format-standard","has-post-thumbnail","hentry","category-portada","category-tamaulipas"],"jetpack_publicize_connections":[],"_links":{"self":[{"href":"https:\/\/www.buroperiodistico.com.mx\/index.php?rest_route=\/wp\/v2\/posts\/203797","targetHints":{"allow":["GET"]}}],"collection":[{"href":"https:\/\/www.buroperiodistico.com.mx\/index.php?rest_route=\/wp\/v2\/posts"}],"about":[{"href":"https:\/\/www.buroperiodistico.com.mx\/index.php?rest_route=\/wp\/v2\/types\/post"}],"author":[{"embeddable":true,"href":"https:\/\/www.buroperiodistico.com.mx\/index.php?rest_route=\/wp\/v2\/users\/1"}],"replies":[{"embeddable":true,"href":"https:\/\/www.buroperiodistico.com.mx\/index.php?rest_route=%2Fwp%2Fv2%2Fcomments&post=203797"}],"version-history":[{"count":1,"href":"https:\/\/www.buroperiodistico.com.mx\/index.php?rest_route=\/wp\/v2\/posts\/203797\/revisions"}],"predecessor-version":[{"id":203801,"href":"https:\/\/www.buroperiodistico.com.mx\/index.php?rest_route=\/wp\/v2\/posts\/203797\/revisions\/203801"}],"wp:featuredmedia":[{"embeddable":true,"href":"https:\/\/www.buroperiodistico.com.mx\/index.php?rest_route=\/wp\/v2\/media\/203800"}],"wp:attachment":[{"href":"https:\/\/www.buroperiodistico.com.mx\/index.php?rest_route=%2Fwp%2Fv2%2Fmedia&parent=203797"}],"wp:term":[{"taxonomy":"category","embeddable":true,"href":"https:\/\/www.buroperiodistico.com.mx\/index.php?rest_route=%2Fwp%2Fv2%2Fcategories&post=203797"},{"taxonomy":"post_tag","embeddable":true,"href":"https:\/\/www.buroperiodistico.com.mx\/index.php?rest_route=%2Fwp%2Fv2%2Ftags&post=203797"}],"curies":[{"name":"wp","href":"https:\/\/api.w.org\/{rel}","templated":true}]}}