{"id":203788,"date":"2026-03-12T20:59:08","date_gmt":"2026-03-13T01:59:08","guid":{"rendered":"https:\/\/www.buroperiodistico.com.mx\/?p=203788"},"modified":"2026-03-12T20:59:08","modified_gmt":"2026-03-13T01:59:08","slug":"celebremos-juntos-el-277-aniversario-de-la-fundacion-de-reynosa","status":"publish","type":"post","link":"https:\/\/www.buroperiodistico.com.mx\/?p=203788","title":{"rendered":"Celebremos Juntos el 277 Aniversario de la Fundaci\u00f3n de Reynosa"},"content":{"rendered":"<p><em><strong>Reynosa, Tam (12-Marzo-2026).-<\/strong><\/em> El Presidente Municipal Carlos Pe\u00f1a Ortiz invita a la poblaci\u00f3n en general a la ceremonia del 277 Aniversario de la Fundaci\u00f3n de Reynosa, que se llevar\u00e1 a cabo el pr\u00f3ximo s\u00e1bado 14 de marzo a las 8:30 de la ma\u00f1ana en la plaza Capit\u00e1n Carlos Cant\u00fa de congregaci\u00f3n Reynosa D\u00edaz, cuna de esta ciudad.<\/p>\n<p>Celebremos Juntos la fortuna de ser reynosenses, un festejo que contar\u00e1 con la participaci\u00f3n de la Banda Sinf\u00f3nica Municipal del IRCA, Profesor El\u00edas Valenzuela, un ballet folcl\u00f3rico y el Conjunto Norte\u00f1o del IRCA, no faltes y escucha la historia de c\u00f3mo se form\u00f3 Reynosa hasta lo grande que es hoy.<\/p>\n<p>#ReynosaImparable<br \/>\n#GobiernoMunicipalDeReynosa<\/p>\n<p><img loading=\"lazy\" decoding=\"async\" class=\"aligncenter  wp-image-203789\" src=\"https:\/\/www.buroperiodistico.com.mx\/wp-content\/uploads\/2026\/03\/Aniverzx.jpg\" alt=\"\" width=\"890\" height=\"481\" srcset=\"https:\/\/www.buroperiodistico.com.mx\/wp-content\/uploads\/2026\/03\/Aniverzx.jpg 1110w, https:\/\/www.buroperiodistico.com.mx\/wp-content\/uploads\/2026\/03\/Aniverzx-300x162.jpg 300w, https:\/\/www.buroperiodistico.com.mx\/wp-content\/uploads\/2026\/03\/Aniverzx-1024x554.jpg 1024w, https:\/\/www.buroperiodistico.com.mx\/wp-content\/uploads\/2026\/03\/Aniverzx-768x415.jpg 768w\" sizes=\"auto, (max-width: 890px) 100vw, 890px\" \/><\/p>\n","protected":false},"excerpt":{"rendered":"<p>Reynosa, Tam (12-Marzo-2026).- El Presidente Municipal Carlos Pe\u00f1a Ortiz invita a la poblaci\u00f3n en general&#8230;<\/p>\n","protected":false},"author":1,"featured_media":203789,"comment_status":"closed","ping_status":"closed","sticky":false,"template":"","format":"standard","meta":{"footnotes":"","jetpack_publicize_message":"","jetpack_publicize_feature_enabled":true,"jetpack_social_post_already_shared":true,"jetpack_social_options":{"image_generator_settings":{"template":"highway","default_image_id":0,"font":"","enabled":false},"version":2}},"categories":[9],"tags":[],"class_list":["post-203788","post","type-post","status-publish","format-standard","has-post-thumbnail","hentry","category-reynosa"],"jetpack_publicize_connections":[],"_links":{"self":[{"href":"https:\/\/www.buroperiodistico.com.mx\/index.php?rest_route=\/wp\/v2\/posts\/203788","targetHints":{"allow":["GET"]}}],"collection":[{"href":"https:\/\/www.buroperiodistico.com.mx\/index.php?rest_route=\/wp\/v2\/posts"}],"about":[{"href":"https:\/\/www.buroperiodistico.com.mx\/index.php?rest_route=\/wp\/v2\/types\/post"}],"author":[{"embeddable":true,"href":"https:\/\/www.buroperiodistico.com.mx\/index.php?rest_route=\/wp\/v2\/users\/1"}],"replies":[{"embeddable":true,"href":"https:\/\/www.buroperiodistico.com.mx\/index.php?rest_route=%2Fwp%2Fv2%2Fcomments&post=203788"}],"version-history":[{"count":1,"href":"https:\/\/www.buroperiodistico.com.mx\/index.php?rest_route=\/wp\/v2\/posts\/203788\/revisions"}],"predecessor-version":[{"id":203790,"href":"https:\/\/www.buroperiodistico.com.mx\/index.php?rest_route=\/wp\/v2\/posts\/203788\/revisions\/203790"}],"wp:featuredmedia":[{"embeddable":true,"href":"https:\/\/www.buroperiodistico.com.mx\/index.php?rest_route=\/wp\/v2\/media\/203789"}],"wp:attachment":[{"href":"https:\/\/www.buroperiodistico.com.mx\/index.php?rest_route=%2Fwp%2Fv2%2Fmedia&parent=203788"}],"wp:term":[{"taxonomy":"category","embeddable":true,"href":"https:\/\/www.buroperiodistico.com.mx\/index.php?rest_route=%2Fwp%2Fv2%2Fcategories&post=203788"},{"taxonomy":"post_tag","embeddable":true,"href":"https:\/\/www.buroperiodistico.com.mx\/index.php?rest_route=%2Fwp%2Fv2%2Ftags&post=203788"}],"curies":[{"name":"wp","href":"https:\/\/api.w.org\/{rel}","templated":true}]}}