{"id":203778,"date":"2026-03-12T19:21:25","date_gmt":"2026-03-13T00:21:25","guid":{"rendered":"https:\/\/www.buroperiodistico.com.mx\/?p=203778"},"modified":"2026-03-12T19:21:25","modified_gmt":"2026-03-13T00:21:25","slug":"escuchar-nos-consulta-publica-para-conocer-la-opinion-de-la-ciudadania-sobre-los-contenidos-del-sistema-estatal-de-radio-y-television-tamaulipas","status":"publish","type":"post","link":"https:\/\/www.buroperiodistico.com.mx\/?p=203778","title":{"rendered":"\u00abEscuchar-nos\u00bb: Consulta p\u00fablica para conocer la opini\u00f3n de la ciudadan\u00eda sobre los contenidos del Sistema Estatal de Radio y Televisi\u00f3n Tamaulipas"},"content":{"rendered":"<p><em><strong><img loading=\"lazy\" decoding=\"async\" class=\"size-full wp-image-203779 alignright\" src=\"https:\/\/www.buroperiodistico.com.mx\/wp-content\/uploads\/2026\/03\/Conxul-I.jpeg\" alt=\"\" width=\"407\" height=\"640\" srcset=\"https:\/\/www.buroperiodistico.com.mx\/wp-content\/uploads\/2026\/03\/Conxul-I.jpeg 407w, https:\/\/www.buroperiodistico.com.mx\/wp-content\/uploads\/2026\/03\/Conxul-I-191x300.jpeg 191w\" sizes=\"auto, (max-width: 407px) 100vw, 407px\" \/>Ciudad Victoria, Tamaulipas (12-Marzo-2026).-<\/strong><\/em> El Consejo Ciudadano del Sistema Estatal de Radio y Televisi\u00f3n Tamaulipas (SERTT) lanza la consulta ciudadana \u201cEscuchar-nos\u201d, un ejercicio abierto que busca conocer la opini\u00f3n de la poblaci\u00f3n sobre el desempe\u00f1o, contenidos y funci\u00f3n social de los medios p\u00fablicos del estado.<\/p>\n<p>La Dra. Olga Nacori L\u00f3pez Hern\u00e1ndez, presidenta del Consejo Ciudadano del SERTT, inform\u00f3 que esta consulta se realiza mediante un cuestionario digital de participaci\u00f3n voluntaria y an\u00f3nima, que estar\u00e1 disponible durante tres semanas y est\u00e1 dirigida a personas mayores de 15 a\u00f1os residentes en Tamaulipas que consumen o podr\u00edan consumir los contenidos de radio y multimedia del sistema estatal.<\/p>\n<p>A trav\u00e9s de este instrumento se busca medir la percepci\u00f3n ciudadana en cuatro aspectos fundamentales: la calidad y confianza en los contenidos, el cumplimiento de los fines p\u00fablicos de la radio, la inclusi\u00f3n y pluralidad en la programaci\u00f3n, y las expectativas de la ciudadan\u00eda respecto a los medios p\u00fablicos.<\/p>\n<p>La informaci\u00f3n recabada permitir\u00e1 al Consejo Ciudadano del SERTT elaborar un informe t\u00e9cnico con recomendaciones orientadas a mejorar la programaci\u00f3n, fortalecer la relaci\u00f3n con las audiencias y consolidar el car\u00e1cter p\u00fablico, plural e incluyente de la radio del estado.<\/p>\n<p>Los consejos ciudadanos son \u00f3rganos de participaci\u00f3n social que acompa\u00f1an el funcionamiento de los medios p\u00fablicos. Entre sus funciones se encuentra analizar la programaci\u00f3n, realizar diagn\u00f3sticos y formular recomendaciones para que estos medios cumplan con su misi\u00f3n social y respondan a las necesidades de la audiencia.<\/p>\n<p>En este contexto, la Dra. Olga Nacori L\u00f3pez indic\u00f3 que la consulta \u201cEscuchar-nos\u201d representa un esfuerzo in\u00e9dito en M\u00e9xico, ya que hasta ahora ning\u00fan consejo ciudadano de medios p\u00fablicos en el pa\u00eds hab\u00eda impulsado una iniciativa de participaci\u00f3n ciudadana con este alcance y enfoque de escucha directa a las audiencias.<\/p>\n<p>Los resultados permitir\u00e1n identificar tendencias, \u00e1reas de oportunidad y expectativas de la poblaci\u00f3n, con el fin de fortalecer la radio p\u00fablica como un espacio de informaci\u00f3n, cultura, participaci\u00f3n y cohesi\u00f3n social.<\/p>\n<p>Finalmente, la presidenta de este Consejo Ciudadano precis\u00f3 que las personas interesadas pueden participar escaneando el c\u00f3digo QR incluido en la convocatoria o accediendo al cuestionario digital disponible en l\u00ednea, a trav\u00e9s de las diversas redes sociales del SERTT.<\/p>\n","protected":false},"excerpt":{"rendered":"<p>Ciudad Victoria, Tamaulipas (12-Marzo-2026).- El Consejo Ciudadano del Sistema Estatal de Radio y Televisi\u00f3n Tamaulipas&#8230;<\/p>\n","protected":false},"author":1,"featured_media":203780,"comment_status":"closed","ping_status":"closed","sticky":false,"template":"","format":"standard","meta":{"footnotes":"","jetpack_publicize_message":"","jetpack_publicize_feature_enabled":true,"jetpack_social_post_already_shared":true,"jetpack_social_options":{"image_generator_settings":{"template":"highway","default_image_id":0,"font":"","enabled":false},"version":2}},"categories":[10],"tags":[],"class_list":["post-203778","post","type-post","status-publish","format-standard","has-post-thumbnail","hentry","category-tamaulipas"],"jetpack_publicize_connections":[],"_links":{"self":[{"href":"https:\/\/www.buroperiodistico.com.mx\/index.php?rest_route=\/wp\/v2\/posts\/203778","targetHints":{"allow":["GET"]}}],"collection":[{"href":"https:\/\/www.buroperiodistico.com.mx\/index.php?rest_route=\/wp\/v2\/posts"}],"about":[{"href":"https:\/\/www.buroperiodistico.com.mx\/index.php?rest_route=\/wp\/v2\/types\/post"}],"author":[{"embeddable":true,"href":"https:\/\/www.buroperiodistico.com.mx\/index.php?rest_route=\/wp\/v2\/users\/1"}],"replies":[{"embeddable":true,"href":"https:\/\/www.buroperiodistico.com.mx\/index.php?rest_route=%2Fwp%2Fv2%2Fcomments&post=203778"}],"version-history":[{"count":1,"href":"https:\/\/www.buroperiodistico.com.mx\/index.php?rest_route=\/wp\/v2\/posts\/203778\/revisions"}],"predecessor-version":[{"id":203781,"href":"https:\/\/www.buroperiodistico.com.mx\/index.php?rest_route=\/wp\/v2\/posts\/203778\/revisions\/203781"}],"wp:featuredmedia":[{"embeddable":true,"href":"https:\/\/www.buroperiodistico.com.mx\/index.php?rest_route=\/wp\/v2\/media\/203780"}],"wp:attachment":[{"href":"https:\/\/www.buroperiodistico.com.mx\/index.php?rest_route=%2Fwp%2Fv2%2Fmedia&parent=203778"}],"wp:term":[{"taxonomy":"category","embeddable":true,"href":"https:\/\/www.buroperiodistico.com.mx\/index.php?rest_route=%2Fwp%2Fv2%2Fcategories&post=203778"},{"taxonomy":"post_tag","embeddable":true,"href":"https:\/\/www.buroperiodistico.com.mx\/index.php?rest_route=%2Fwp%2Fv2%2Ftags&post=203778"}],"curies":[{"name":"wp","href":"https:\/\/api.w.org\/{rel}","templated":true}]}}